{"id":12000,"date":"2018-07-27T22:54:43","date_gmt":"2018-07-28T01:54:43","guid":{"rendered":"https:\/\/blogs.correiobraziliense.com.br\/cbpoder\/?p=12000"},"modified":"2018-07-27T22:54:43","modified_gmt":"2018-07-28T01:54:43","slug":"rosso-fecha-questao-sera-candidato-ao-gdf-com-cristovam-ao-senado","status":"publish","type":"post","link":"https:\/\/blogs.correiobraziliense.com.br\/cbpoder\/rosso-fecha-questao-sera-candidato-ao-gdf-com-cristovam-ao-senado\/","title":{"rendered":"Rosso fecha quest\u00e3o: ser\u00e1 candidato ao GDF com Cristovam ao Senado"},"content":{"rendered":"<p>ANA MARIA CAMPOS<\/p>\n<p>ANA VIRIATO<\/p>\n<p>Depois de muitas negocia\u00e7\u00f5es, o grupo liderado pelo senador Cristovam Buarque (PPS\/DF) decidiu lan\u00e7ar o deputado Rog\u00e9rio Rosso (PSD\/DF) como candidato a governador.<\/p>\n<p>Rosso vai concorrer com o Pastor Egmar Tavares (PRB) como vice. Cristovam e o empres\u00e1rio Fernando Marques (Solidariedade) v\u00e3o disputar o Senado. O PSC vai apoiar a chapa.<\/p>\n<p>Com essa composi\u00e7\u00e3o, o deputado Izalci Lucas (PSDB\/DF) perde os apoios que tinha para concorrer ao GDF. H\u00e1 ainda a possibilidade de \u00a0Geraldo Alckmin intervir no PSDB para que o partido apoie a candidatura de Rosso.<\/p>\n<p>O assunto vem sendo tratado na c\u00fapula, entre Alckmin e o presidente nacional do PSD, Gilbero Kassab. \u201cTentamos muitas negocia\u00e7\u00f5es con o Izalci. Mas n\u00e3o deu. Agora desejo a ele boa sorte\u201d, disse Rosso.<\/p>\n<p>Rosso foi governador do DF por nove meses em 2010. Assumiu o Pal\u00e1cio do Buriti com a queda de todo o Executivo, ent\u00e3o liderada por Jos\u00e9 Roberto Arruda. Nessa composi\u00e7\u00e3o, h\u00e1 outro ex-governador: Cristovam, que comandou o DF entre 1995 e 1998.<\/p>\n","protected":false},"excerpt":{"rendered":"<p>ANA MARIA CAMPOS ANA VIRIATO Depois de muitas negocia\u00e7\u00f5es, o grupo liderado pelo senador Cristovam Buarque (PPS\/DF) decidiu lan\u00e7ar o deputado Rog\u00e9rio Rosso (PSD\/DF) como candidato a governador. Rosso vai concorrer com o Pastor Egmar Tavares (PRB) como vice. Cristovam e o empres\u00e1rio Fernando Marques (Solidariedade) v\u00e3o disputar o Senado. O PSC vai apoiar a chapa. Com essa composi\u00e7\u00e3o, o [&hellip;]<\/p>\n","protected":false},"author":9,"featured_media":12001,"comment_status":"open","ping_status":"closed","sticky":false,"template":"","format":"standard","meta":{"footnotes":""},"categories":[234],"tags":[1393,273,26],"class_list":["post-12000","post","type-post","status-publish","format-standard","has-post-thumbnail","hentry","category-cb-poder","tag-chapa","tag-cristovam","tag-rosso"],"_links":{"self":[{"href":"https:\/\/blogs.correiobraziliense.com.br\/cbpoder\/wp-json\/wp\/v2\/posts\/12000","targetHints":{"allow":["GET"]}}],"collection":[{"href":"https:\/\/blogs.correiobraziliense.com.br\/cbpoder\/wp-json\/wp\/v2\/posts"}],"about":[{"href":"https:\/\/blogs.correiobraziliense.com.br\/cbpoder\/wp-json\/wp\/v2\/types\/post"}],"author":[{"embeddable":true,"href":"https:\/\/blogs.correiobraziliense.com.br\/cbpoder\/wp-json\/wp\/v2\/users\/9"}],"replies":[{"embeddable":true,"href":"https:\/\/blogs.correiobraziliense.com.br\/cbpoder\/wp-json\/wp\/v2\/comments?post=12000"}],"version-history":[{"count":1,"href":"https:\/\/blogs.correiobraziliense.com.br\/cbpoder\/wp-json\/wp\/v2\/posts\/12000\/revisions"}],"predecessor-version":[{"id":12002,"href":"https:\/\/blogs.correiobraziliense.com.br\/cbpoder\/wp-json\/wp\/v2\/posts\/12000\/revisions\/12002"}],"wp:featuredmedia":[{"embeddable":true,"href":"https:\/\/blogs.correiobraziliense.com.br\/cbpoder\/wp-json\/wp\/v2\/media\/12001"}],"wp:attachment":[{"href":"https:\/\/blogs.correiobraziliense.com.br\/cbpoder\/wp-json\/wp\/v2\/media?parent=12000"}],"wp:term":[{"taxonomy":"category","embeddable":true,"href":"https:\/\/blogs.correiobraziliense.com.br\/cbpoder\/wp-json\/wp\/v2\/categories?post=12000"},{"taxonomy":"post_tag","embeddable":true,"href":"https:\/\/blogs.correiobraziliense.com.br\/cbpoder\/wp-json\/wp\/v2\/tags?post=12000"}],"curies":[{"name":"wp","href":"https:\/\/api.w.org\/{rel}","templated":true}]}}