{"id":11993,"date":"2018-07-27T16:40:56","date_gmt":"2018-07-27T19:40:56","guid":{"rendered":"https:\/\/blogs.correiobraziliense.com.br\/cbpoder\/?p=11993"},"modified":"2018-07-27T17:13:47","modified_gmt":"2018-07-27T20:13:47","slug":"ibaneis-rocha-vai-concorrer-ao-buriti-com-anna-christina-kubitschek-como-vice","status":"publish","type":"post","link":"https:\/\/blogs.correiobraziliense.com.br\/cbpoder\/ibaneis-rocha-vai-concorrer-ao-buriti-com-anna-christina-kubitschek-como-vice\/","title":{"rendered":"Ibaneis Rocha vai concorrer ao Buriti, com Anna Christina Kubitschek como vice"},"content":{"rendered":"<p>ANA MARIA CAMPOS<\/p>\n<p>ANA VIRIATO<\/p>\n<p>O grupo formado por MDB, PP e Avante decidiu, nesta sexta-feira (27\/07), lan\u00e7ar o ex-presidente da Ordem dos Advogados do Brasil no DF (OAB-DF) Ibaneis Rocha (MDB) ao Pal\u00e1cio do Buriti. A n\u00famero dois da chapa ser\u00e1 Anna Christina Kubitschek (PP), neta do ex-presidente Juscelino Kubitschek e esposa do empres\u00e1rio Paulo Oct\u00e1vio (PP)<b id=\"m_1158113152558793755gmail-docs-internal-guid-c66bba43-dd36-22a5-59b7-7a5591812b85\">.\u00a0<\/b><\/p>\n<p>A frente trabalha para emplacar o deputado federal Alberto Fraga (DEM\/DF) como candidato ao Senado. O ex-vice-governador Tadeu Filippelli, que comanda o MDB\/DF, \u00e9 um dos principais articuladores dessa uni\u00e3o.<\/p>\n<p>A costura pol\u00edtica tomou toda a semana e est\u00e1 consolidada. A negocia\u00e7\u00e3o\u00a0come\u00e7ou depois que o m\u00e9dico Jofran Frejat (PR) desistiu de concorrer ao GDF.<\/p>\n<p>No ano passado, Ibaneis havia sido lan\u00e7ado como candidato a governador pelo MDB, mas saiu do p\u00e1reo para apoiar Frejat. Nas \u00faltimas semanas, ele vinha sendo cotado como vice do ex-secret\u00e1rio de Sa\u00fade. A ren\u00fancia do m\u00e9dico, entretanto, mudou o quadro.<\/p>\n<p>Ana Christina carrega o sobrenome do av\u00f4, fundador de Bras\u00edlia, e a base eleitoral do marido, Paulo Oct\u00e1vio, ex-vice-governador do DF.<\/p>\n<p>Presidente do Memorial JK,\u00a0 a neta de Juscelino\u00a0Kubitschek est\u00e1 licenciada do\u00a0cargo desde o in\u00edcio de abril. Por comandar\u00a0uma entidade privada que recebe recursos p\u00fablicos, ela n\u00e3o poderia concorrer em outubro se n\u00e3o tivesse se desincompatibilizado at\u00e9 o dia 7 daquele m\u00eas.<\/p>\n<p>O an\u00fancio da chapa deve ocorrer a qualquer momento, segundo a reportagem do <strong>Correio<\/strong> apurou.<\/p>\n","protected":false},"excerpt":{"rendered":"<p>ANA MARIA CAMPOS ANA VIRIATO O grupo formado por MDB, PP e Avante decidiu, nesta sexta-feira (27\/07), lan\u00e7ar o ex-presidente da Ordem dos Advogados do Brasil no DF (OAB-DF) Ibaneis Rocha (MDB) ao Pal\u00e1cio do Buriti. A n\u00famero dois da chapa ser\u00e1 Anna Christina Kubitschek (PP), neta do ex-presidente Juscelino Kubitschek e esposa do empres\u00e1rio Paulo Oct\u00e1vio (PP).\u00a0 A frente [&hellip;]<\/p>\n","protected":false},"author":9,"featured_media":10520,"comment_status":"open","ping_status":"closed","sticky":false,"template":"","format":"standard","meta":{"footnotes":""},"categories":[234],"tags":[],"class_list":["post-11993","post","type-post","status-publish","format-standard","has-post-thumbnail","hentry","category-cb-poder"],"_links":{"self":[{"href":"https:\/\/blogs.correiobraziliense.com.br\/cbpoder\/wp-json\/wp\/v2\/posts\/11993","targetHints":{"allow":["GET"]}}],"collection":[{"href":"https:\/\/blogs.correiobraziliense.com.br\/cbpoder\/wp-json\/wp\/v2\/posts"}],"about":[{"href":"https:\/\/blogs.correiobraziliense.com.br\/cbpoder\/wp-json\/wp\/v2\/types\/post"}],"author":[{"embeddable":true,"href":"https:\/\/blogs.correiobraziliense.com.br\/cbpoder\/wp-json\/wp\/v2\/users\/9"}],"replies":[{"embeddable":true,"href":"https:\/\/blogs.correiobraziliense.com.br\/cbpoder\/wp-json\/wp\/v2\/comments?post=11993"}],"version-history":[{"count":5,"href":"https:\/\/blogs.correiobraziliense.com.br\/cbpoder\/wp-json\/wp\/v2\/posts\/11993\/revisions"}],"predecessor-version":[{"id":11998,"href":"https:\/\/blogs.correiobraziliense.com.br\/cbpoder\/wp-json\/wp\/v2\/posts\/11993\/revisions\/11998"}],"wp:featuredmedia":[{"embeddable":true,"href":"https:\/\/blogs.correiobraziliense.com.br\/cbpoder\/wp-json\/wp\/v2\/media\/10520"}],"wp:attachment":[{"href":"https:\/\/blogs.correiobraziliense.com.br\/cbpoder\/wp-json\/wp\/v2\/media?parent=11993"}],"wp:term":[{"taxonomy":"category","embeddable":true,"href":"https:\/\/blogs.correiobraziliense.com.br\/cbpoder\/wp-json\/wp\/v2\/categories?post=11993"},{"taxonomy":"post_tag","embeddable":true,"href":"https:\/\/blogs.correiobraziliense.com.br\/cbpoder\/wp-json\/wp\/v2\/tags?post=11993"}],"curies":[{"name":"wp","href":"https:\/\/api.w.org\/{rel}","templated":true}]}}