{"id":11975,"date":"2018-07-26T05:49:57","date_gmt":"2018-07-26T08:49:57","guid":{"rendered":"https:\/\/blogs.correiobraziliense.com.br\/cbpoder\/?p=11975"},"modified":"2018-07-26T06:03:53","modified_gmt":"2018-07-26T09:03:53","slug":"em-carta-a-candidato-no-df-lula-escreveu-falta-carater-e-dignidade-na-politica-brasileira","status":"publish","type":"post","link":"https:\/\/blogs.correiobraziliense.com.br\/cbpoder\/em-carta-a-candidato-no-df-lula-escreveu-falta-carater-e-dignidade-na-politica-brasileira\/","title":{"rendered":"Em carta a candidato do PT\/DF, Lula diz que faltam car\u00e1ter e dignidade na pol\u00edtica"},"content":{"rendered":"<p>ANA MARIA CAMPOS<\/p>\n<p>Da pris\u00e3o onde cumpre pena de 12 anos e um m\u00eas por corrup\u00e7\u00e3o e lavagem de dinheiro, o ex-presidente Lula escreveu uma carta de apoio ao pr\u00e9-candidato ao Senado Marcelo Neves, do PT do Distrito Federal. &#8220;\u00c9 muito gratificante para o PT ter voc\u00ea como filiado e tamb\u00e9m por aceitar ser candidato a senador pelo PT&#8221;, registrou o petista que est\u00e1 desde 7 de abril na superintend\u00eancia da Pol\u00edcia Federal em Curitiba.<\/p>\n<p>O ex-presidente continuou: &#8220;O Brasil est\u00e1 precisando neste momento de pessoas como voc\u00ea, pois, car\u00e1ter e dignidade n\u00e3o se compra. Ou temos ou n\u00e3o temos e voc\u00ea tem as duas coisas que mais faltam neste instante da pol\u00edtica brasileira. Car\u00e1ter e dignidade&#8221;.<\/p>\n<p>A carta de Lula foi lida ontem \u00e0 noite (25\/07) na plen\u00e1ria de lan\u00e7amento da pr\u00e9-candidatura de Marcelo Neves, que \u00e9 advogado e professor da Faculdade de direito da Universidade de Bras\u00edlia (UnB). Para concorrer ao Senado, Neves precisa ainda ter o nome aprovado pelo encontro regional do PT, que ocorrer\u00e1 no pr\u00f3ximo s\u00e1bado (28\/07).<\/p>\n<p>Al\u00e9m de Marcelo Neves, concorrem \u00e0s duas vagas de candidato ao Senado o deputado distrital Wasny de Roure, que deve ter o nome confirmado, e Chico Machado, de uma corrente \u00e0 esquerda no PT.<\/p>\n<p>Lula entregou o texto manuscrito ao ex-ministro da Justi\u00e7a do governo Lula, o subprocurador-geral da Rep\u00fablica aposentado Eug\u00eanio Arag\u00e3o, que advoga para o ex-presidente. Marcelo Neves contou que ficou muito sensibilizado com as palavras de Lula. &#8220;Minha mulher disse que dever\u00edamos colocar a carta num quadro&#8221;, conta.<\/p>\n<p>Neves foi uma das vozes contr\u00e1rias ao impeachment de Dilma Rousseff e da condena\u00e7\u00e3o e pris\u00e3o de Lula. &#8220;Por emo\u00e7\u00e3o, quase n\u00e3o consegui escrever uma carta ao Lula quando ele chegou aos cem dias de pris\u00e3o. Mas enviei&#8221;, relata. No texto, o professor da UnB disse que Lula teve a pris\u00e3o decretada por quem deveria estar preso em seu lugar, numa refer\u00eancia ao juiz S\u00e9rgio Moro.<\/p>\n<p>Lula foi condenado por Moro a nove anos e seis meses de pris\u00e3o, com a pena ampliada pela 8\u00aa Turma do Tribunal Regional Federal (TRF) da 4\u00aa Regi\u00e3o, no caso do tr\u00edplex do Guaruj\u00e1. A Justi\u00e7a considerou que o ex-presidente Lula recebeu o im\u00f3vel como propina da\u00a0empreiteira OAS.<\/p>\n<p>Veja a carta:<\/p>\n<ul>\n<li><a href=\"https:\/\/blogs.correiobraziliense.com.br\/cbpoder\/wp-content\/uploads\/sites\/5\/2018\/07\/image-e1532594356130.jpg\" rel=\"attachment wp-att-11976\"><img loading=\"lazy\" decoding=\"async\" class=\"alignnone size-large wp-image-11976\" src=\"https:\/\/blogs.correiobraziliense.com.br\/cbpoder\/wp-content\/uploads\/sites\/5\/2018\/07\/image-768x1024.jpg\" alt=\"Carta do Lula\" width=\"768\" height=\"1024\" \/><\/a><\/li>\n<\/ul>\n","protected":false},"excerpt":{"rendered":"<p>ANA MARIA CAMPOS Da pris\u00e3o onde cumpre pena de 12 anos e um m\u00eas por corrup\u00e7\u00e3o e lavagem de dinheiro, o ex-presidente Lula escreveu uma carta de apoio ao pr\u00e9-candidato ao Senado Marcelo Neves, do PT do Distrito Federal. &#8220;\u00c9 muito gratificante para o PT ter voc\u00ea como filiado e tamb\u00e9m por aceitar ser candidato a senador pelo PT&#8221;, registrou [&hellip;]<\/p>\n","protected":false},"author":9,"featured_media":0,"comment_status":"open","ping_status":"closed","sticky":false,"template":"","format":"standard","meta":{"footnotes":""},"categories":[234],"tags":[1389,1387,1390,788,1388,62],"class_list":["post-11975","post","type-post","status-publish","format-standard","hentry","category-cb-poder","tag-carater","tag-carta","tag-dignidade","tag-lula","tag-marcelo-neves","tag-senado"],"_links":{"self":[{"href":"https:\/\/blogs.correiobraziliense.com.br\/cbpoder\/wp-json\/wp\/v2\/posts\/11975","targetHints":{"allow":["GET"]}}],"collection":[{"href":"https:\/\/blogs.correiobraziliense.com.br\/cbpoder\/wp-json\/wp\/v2\/posts"}],"about":[{"href":"https:\/\/blogs.correiobraziliense.com.br\/cbpoder\/wp-json\/wp\/v2\/types\/post"}],"author":[{"embeddable":true,"href":"https:\/\/blogs.correiobraziliense.com.br\/cbpoder\/wp-json\/wp\/v2\/users\/9"}],"replies":[{"embeddable":true,"href":"https:\/\/blogs.correiobraziliense.com.br\/cbpoder\/wp-json\/wp\/v2\/comments?post=11975"}],"version-history":[{"count":2,"href":"https:\/\/blogs.correiobraziliense.com.br\/cbpoder\/wp-json\/wp\/v2\/posts\/11975\/revisions"}],"predecessor-version":[{"id":11978,"href":"https:\/\/blogs.correiobraziliense.com.br\/cbpoder\/wp-json\/wp\/v2\/posts\/11975\/revisions\/11978"}],"wp:attachment":[{"href":"https:\/\/blogs.correiobraziliense.com.br\/cbpoder\/wp-json\/wp\/v2\/media?parent=11975"}],"wp:term":[{"taxonomy":"category","embeddable":true,"href":"https:\/\/blogs.correiobraziliense.com.br\/cbpoder\/wp-json\/wp\/v2\/categories?post=11975"},{"taxonomy":"post_tag","embeddable":true,"href":"https:\/\/blogs.correiobraziliense.com.br\/cbpoder\/wp-json\/wp\/v2\/tags?post=11975"}],"curies":[{"name":"wp","href":"https:\/\/api.w.org\/{rel}","templated":true}]}}