{"id":11959,"date":"2018-07-26T06:00:03","date_gmt":"2018-07-26T09:00:03","guid":{"rendered":"https:\/\/blogs.correiobraziliense.com.br\/cbpoder\/?p=11959"},"modified":"2018-07-26T01:04:41","modified_gmt":"2018-07-26T04:04:41","slug":"partidos-que-apoiaram-gim-em-2014-receberam-como-doacao-propina-denunciada-na-lava-jato","status":"publish","type":"post","link":"https:\/\/blogs.correiobraziliense.com.br\/cbpoder\/partidos-que-apoiaram-gim-em-2014-receberam-como-doacao-propina-denunciada-na-lava-jato\/","title":{"rendered":"Partidos que apoiaram Gim em 2014 receberam, como doa\u00e7\u00e3o, propina denunciada na Lava Jato"},"content":{"rendered":"<p><span style=\"font-weight: 400\">H\u00e1 dois anos e cinco meses preso, o ex-senador Gim Argello sonha com a progress\u00e3o do regime fechado para o semiaberto (<strong>leia Mem\u00f3ria<\/strong>). Mas, agora, esse projeto pode ficar mais distante. Est\u00e1 nas m\u00e3os do juiz S\u00e9rgio Moro, da 13\u00aa Vara Federal de Curitiba, uma nova den\u00fancia contra o ex-parlamentar por corrup\u00e7\u00e3o passiva e lavagem de dinheiro. O esquema apontado \u00e9 o mesmo que o levou \u00e0 condena\u00e7\u00e3o de 11 anos e oito meses de pris\u00e3o, pena que cumpre no Complexo M\u00e9dico Penal, em Pinhais, na Regi\u00e3o Metropolitana de Curitiba. A diferen\u00e7a \u00e9 que o processo anterior se referia \u00e0 propina paga pelas empreiteiras UTC Engenharia, OAS, Toyo Setal, Camargo Corr\u00eaa e Engevix, para amenizar as investiga\u00e7\u00f5es da CPMI da Petrobras. Desta vez, o caso envolve suposto suborno de R$ 5 milh\u00f5es, por parte da Galv\u00e3o Engenharia.<\/span><\/p>\n<p>&nbsp;<\/p>\n<p><span style=\"font-weight: 400\">Conforme a nova den\u00fancia da for\u00e7a-tarefa da Lava-Jato em Curitiba, Gim recebeu R$ 1,6 milh\u00e3o do montante total acertado inicialmente. O valor teria sido destinado \u00e0s campanhas de tr\u00eas siglas que o apoiaram \u00e0 reelei\u00e7\u00e3o em 2014: PSL, PTdoB, hoje Avante, e PEN, atualmente intitulado Patriota. \u00a0Segundo a acusa\u00e7\u00e3o, o PSL recebeu R$ 150 mil, o PTdoB, R$ 400 mil, e o PEN embolsou R$ 1,050 milh\u00e3o. O dinheiro foi registrado como doa\u00e7\u00e3o de campanha na Justi\u00e7a Eleitoral.<\/span><\/p>\n<p>&nbsp;<\/p>\n<blockquote><p><span style=\"font-weight: 400\">Em 2014, o PEN n\u00e3o teve candidato \u00e0 disputa majorit\u00e1ria \u2014 Pal\u00e1cio do Buriti, vice-governadoria e Senado. O principal nome da sigla era o do ex-distrital Al\u00edrio Neto, sucessor de Gim na presid\u00eancia do PTB e pr\u00e9-candidato \u00e0 vice-governadoria do DF na chapa encabe\u00e7ada pela ex-distrital Eliana Pedrosa (Pros). \u00danico representante da sigla na corrida por uma vaga na C\u00e2mara dos Deputados, ele n\u00e3o conquistou o mandato. Al\u00edrio concorreu na coliga\u00e7\u00e3o \u201cRespeito por Bras\u00edlia 1\u201d, formada, ainda, por MDB, PRP, PHS, PV, PTN, PPL, PSL, PTdoB e PTC. Na mesma nominata, concorreram pelo PTdoB Olair Francisco e Rick. O PSL foi representado pelo servidor p\u00fablico Amilton Silva.<\/span><\/p>\n<p>&nbsp;<\/p><\/blockquote>\n<p><span style=\"font-weight: 400\">Na disputa por um mandato na C\u00e2mara Legislativa, apenas o PEN emplacou um nome. Com 7.428 votos, Luzia de Paula elegeu-se pelo quociente partid\u00e1rio. Hoje, a parlamentar integra o PSB. Os candidatos e deputados das legendas n\u00e3o s\u00e3o alvos da den\u00fancia, tampouco foram citados nominalmente na acusa\u00e7\u00e3o.<\/span><\/p>\n<p>&nbsp;<\/p>\n<h2><span style=\"font-weight: 400\">Apoio a Gim<\/span><\/h2>\n<p>&nbsp;<\/p>\n<p><span style=\"font-weight: 400\">PEN, PTdoB e PSL faziam parte da coliga\u00e7\u00e3o majorit\u00e1ria de 16 partidos que apoiou a dobradinha de Agnelo Queiroz (PT) e Tadeu Filippelli (MDB) ao Pal\u00e1cio do Buriti. Ainda assim, registraram no Tribunal Regional Eleitoral (TRE), em ata de conven\u00e7\u00e3o conjunta, datada de 2 de julho de 2014, apoio expresso a Gim, que concorreu noutra coaliz\u00e3o. Conforme dirigentes partid\u00e1rios, a decis\u00e3o se deveu \u00e0 imposi\u00e7\u00e3o do PT ao nome de Geraldo Magela ao Senado, desaprovada pelas siglas.<\/span><\/p>\n<p>&nbsp;<\/p>\n<p><span style=\"font-weight: 400\">Gim concorreu na coliga\u00e7\u00e3o Uni\u00e3o e For\u00e7a (PTB\/PR\/DEM\/PMN), encabe\u00e7ada pelo ex-secret\u00e1rio de Sa\u00fade Jofran Frejat (PR) e pela vice Fl\u00e1via Arruda (PR), mulher e correligion\u00e1ria do ex-governador Jos\u00e9 Roberto Arruda. A primeira suplente do ex-senador era Weslian Roriz, esposa de Joaquim Roriz. Na den\u00fancia, n\u00e3o constam registros de que essas legendas tenham recebido valores irregulares da Galv\u00e3o Engenharia.<\/span><\/p>\n<p>&nbsp;<\/p>\n<p><span style=\"font-weight: 400\">O R$ 1,6 milh\u00e3o foi repassado as tr\u00eas legendas por meio de cinco doa\u00e7\u00f5es oficiais, \u201ctudo com intuito de dar apar\u00eancia l\u00edcita \u00e0 propina\u201d, pontua a den\u00fancia da for\u00e7a-tarefa da Lava-Jato. Os procuradores da Rep\u00fablica complementam: \u201cOs valores oriundos dos crimes antecedentes a partir do apoio de PSL, PTdoB e PEN a Gim Argello foram reinseridos na economia em favor do ent\u00e3o parlamentar, a partir de atos da campanha em seu benef\u00edcio, tais como exposi\u00e7\u00e3o pol\u00edtica, pagamentos de material de campanha, programas de TV e cabos eleitorais pelas referidas agremia\u00e7\u00f5es\u201d. Ou seja, para o MPF, as legendas receberam dinheiro em troca do apoio pol\u00edtico.<\/span><\/p>\n<p>&nbsp;<\/p>\n<p><span style=\"font-weight: 400\">Advogado do ex-senador, \u00a0Marcelo Bessa afirmou ao Correio que ainda n\u00e3o tinha conhecimento da den\u00fancia e que, por ora, n\u00e3o se manifestaria sobre as novas acusa\u00e7\u00f5es. Al\u00edrio Neto ressaltou que \u201cas doa\u00e7\u00f5es ao PEN aconteceram anos antes da primeira den\u00fancia contra o ex-senador\u201d. \u201cN\u00e3o havia registros de qualquer irregularidade. Se fosse o caso, n\u00e3o ter\u00edamos aceito qualquer valor\u201d, pontuou o petebista. A reportagem n\u00e3o conseguiu contato com Luzia de Paula.<\/span><\/p>\n<p>&nbsp;<\/p>\n<p><em><span style=\"font-weight: 400\">Colaborou Renato Souza<\/span><\/em><\/p>\n<p>&nbsp;<\/p>\n<h3><strong>Parcelamento<\/strong><\/h3>\n<h3><\/h3>\n<p><span style=\"font-weight: 400\">O pagamento de R$ 1,6 milh\u00e3o a partidos indicados por Gim aconteceu por meio de cinco doa\u00e7\u00f5es:<\/span><\/p>\n<p>&nbsp;<\/p>\n<p><span style=\"font-weight: 400\">R$ 150 mil, em 16 de julho de 2014, para o Partido Social Liberal (PSL)<\/span><\/p>\n<p><span style=\"font-weight: 400\">R$ 500 mil, em 16 de julho de 2014, para o Partido Ecol\u00f3gico Nacional (PEN)<\/span><\/p>\n<p><span style=\"font-weight: 400\">R$ 150 mil, em 16 de julho de 2014, para o Partido Trabalhista do Brasil (PTdoB)<\/span><\/p>\n<p><span style=\"font-weight: 400\">R$ 550 mil, em 21 de agosto de 2014, para o Partido Ecol\u00f3gico Nacional (PEN)<\/span><\/p>\n<p><span style=\"font-weight: 400\">R$ 250 mil, em 22 de agosto de 2014, para o Partido Trabalhista do Brasil (PTdoB)<\/span><\/p>\n<h3><\/h3>\n<h3><strong>Mem\u00f3ria<\/strong><\/h3>\n<h3><\/h3>\n<h3><strong>Multa de R$ 1,5 milh\u00e3o<\/strong><\/h3>\n<p><span style=\"font-weight: 400\">O ex-senador Gim Argello foi condenado a 11 anos e 8 meses de pris\u00e3o por corrup\u00e7\u00e3o passiva e lavagem de dinheiro. Ele est\u00e1 preso em Curitiba desde abril de 2016 por vender facilidades na CPI da Petrobras a empresas investigadas na Opera\u00e7\u00e3o Lava-Jato. O ex-parlamentar poderia passar ao regime semiaberto por ter cumprido um sexto da condena\u00e7\u00e3o, mas a pend\u00eancia do pagamento de uma multa de R$ 1,5 milh\u00e3o imposta pelo juiz S\u00e9rgio Moro fez com que a Vara de Execu\u00e7\u00f5es penais rejeitasse o pedido da defesa. Os advogados de Gim recorreram da decis\u00e3o e aguardam o desdobramento judicial.<\/span><\/p>\n","protected":false},"excerpt":{"rendered":"<p>H\u00e1 dois anos e cinco meses preso, o ex-senador Gim Argello sonha com a progress\u00e3o do regime fechado para o semiaberto (leia Mem\u00f3ria). Mas, agora, esse projeto pode ficar mais distante. Est\u00e1 nas m\u00e3os do juiz S\u00e9rgio Moro, da 13\u00aa Vara Federal de Curitiba, uma nova den\u00fancia contra o ex-parlamentar por corrup\u00e7\u00e3o passiva e lavagem de dinheiro. O esquema apontado [&hellip;]<\/p>\n","protected":false},"author":90,"featured_media":5961,"comment_status":"open","ping_status":"closed","sticky":false,"template":"","format":"standard","meta":{"footnotes":""},"categories":[234],"tags":[694,783,61,123,124,1144,1382,414],"class_list":["post-11959","post","type-post","status-publish","format-standard","has-post-thumbnail","hentry","category-cb-poder","tag-alirio-neto","tag-gim-argello","tag-lava-jato","tag-luzia-de-paula","tag-pen","tag-psl","tag-ptdob","tag-vitoria-de-pirro"],"_links":{"self":[{"href":"https:\/\/blogs.correiobraziliense.com.br\/cbpoder\/wp-json\/wp\/v2\/posts\/11959","targetHints":{"allow":["GET"]}}],"collection":[{"href":"https:\/\/blogs.correiobraziliense.com.br\/cbpoder\/wp-json\/wp\/v2\/posts"}],"about":[{"href":"https:\/\/blogs.correiobraziliense.com.br\/cbpoder\/wp-json\/wp\/v2\/types\/post"}],"author":[{"embeddable":true,"href":"https:\/\/blogs.correiobraziliense.com.br\/cbpoder\/wp-json\/wp\/v2\/users\/90"}],"replies":[{"embeddable":true,"href":"https:\/\/blogs.correiobraziliense.com.br\/cbpoder\/wp-json\/wp\/v2\/comments?post=11959"}],"version-history":[{"count":3,"href":"https:\/\/blogs.correiobraziliense.com.br\/cbpoder\/wp-json\/wp\/v2\/posts\/11959\/revisions"}],"predecessor-version":[{"id":11961,"href":"https:\/\/blogs.correiobraziliense.com.br\/cbpoder\/wp-json\/wp\/v2\/posts\/11959\/revisions\/11961"}],"wp:featuredmedia":[{"embeddable":true,"href":"https:\/\/blogs.correiobraziliense.com.br\/cbpoder\/wp-json\/wp\/v2\/media\/5961"}],"wp:attachment":[{"href":"https:\/\/blogs.correiobraziliense.com.br\/cbpoder\/wp-json\/wp\/v2\/media?parent=11959"}],"wp:term":[{"taxonomy":"category","embeddable":true,"href":"https:\/\/blogs.correiobraziliense.com.br\/cbpoder\/wp-json\/wp\/v2\/categories?post=11959"},{"taxonomy":"post_tag","embeddable":true,"href":"https:\/\/blogs.correiobraziliense.com.br\/cbpoder\/wp-json\/wp\/v2\/tags?post=11959"}],"curies":[{"name":"wp","href":"https:\/\/api.w.org\/{rel}","templated":true}]}}