{"id":11936,"date":"2018-07-24T16:21:30","date_gmt":"2018-07-24T19:21:30","guid":{"rendered":"https:\/\/blogs.correiobraziliense.com.br\/cbpoder\/?p=11936"},"modified":"2018-07-24T16:21:30","modified_gmt":"2018-07-24T19:21:30","slug":"falha-no-servico-de-vigilancia-armada-no-anexo-do-palacio-do-buriti-sera-investigada","status":"publish","type":"post","link":"https:\/\/blogs.correiobraziliense.com.br\/cbpoder\/falha-no-servico-de-vigilancia-armada-no-anexo-do-palacio-do-buriti-sera-investigada\/","title":{"rendered":"Explos\u00e3o de caixas eletr\u00f4nicos: Falha no servi\u00e7o de vigil\u00e2ncia armada no anexo do Buriti ser\u00e1 investigada"},"content":{"rendered":"<p>ANA MARIA CAMPOS<\/p>\n<p>A Secretaria de Planejamento, Or\u00e7amento e Gest\u00e3o (Seplag) abriu um procedimento de investiga\u00e7\u00e3o preliminar para apurar a falha na seguran\u00e7a do anexo do Pal\u00e1cio do Buriti, que possibilitou a explos\u00e3o de dois caixas eletr\u00f4nicos no centro do poder do Distrito Federal. Cinco vigilantes da Brasfort, sendo quatro armados, e um brigadista da empresa Cinco Estrelas fazem a seguran\u00e7a do pr\u00e9dio durante a noite. H\u00e1 ainda de plant\u00e3o um vigilante dentro da ag\u00eancia do BRB. Nada disso impediu, no entanto, a a\u00e7\u00e3o dos bandidos.<\/p>\n<p>O titular da Seplag, Renato Brown, pediu a abertura da investiga\u00e7\u00e3o em car\u00e1ter administrativo, para avalia\u00e7\u00e3o da efici\u00eancia do contrato com as prestadoras de servi\u00e7o. H\u00e1 ind\u00edcios de falha na condu\u00e7\u00e3o do plano de seguran\u00e7a. Al\u00e9m dos vigilantes, h\u00e1 um posto na frente do Pal\u00e1cio do Buriti, sob a responsabilidade da Casa Militar. As explos\u00f5es ocorreram do outro lado, perto do restaurante, localizado no lado norte. A investiga\u00e7\u00e3o deve ocorrer no prazo m\u00e1ximo de 10 dias. Se for necess\u00e1rio, ser\u00e1 instaurada, em seguida, uma sindic\u00e2ncia.<\/p>\n<p>A Coordena\u00e7\u00e3o de Combate ao Crime Organizado, aos Crimes contra a Administra\u00e7\u00e3o P\u00fablica e contra a Ordem Tribut\u00e1ria (CECOR)\u00a0apura os crimes, ocorridos nesta madrugada (24\/07).\u00a0 A equipe do delegado Fernando Cesar Costa, coordenador da CECOR, tem um hist\u00f3rico de bons resultados em investiga\u00e7\u00f5es sobre explos\u00f5es de caixas eletr\u00f4nicos, na Delegacia de Repress\u00e3o a Roubos e Furtos (DRF). Em 2015, uma quadrilha especializada nesse tipo de crime foi presa e condenada, depois de uma minuciosa apura\u00e7\u00e3o na Opera\u00e7\u00e3o Hostibus. O trabalho \u00e9 refer\u00eancia nacional.<\/p>\n","protected":false},"excerpt":{"rendered":"<p>ANA MARIA CAMPOS A Secretaria de Planejamento, Or\u00e7amento e Gest\u00e3o (Seplag) abriu um procedimento de investiga\u00e7\u00e3o preliminar para apurar a falha na seguran\u00e7a do anexo do Pal\u00e1cio do Buriti, que possibilitou a explos\u00e3o de dois caixas eletr\u00f4nicos no centro do poder do Distrito Federal. Cinco vigilantes da Brasfort, sendo quatro armados, e um brigadista da empresa Cinco Estrelas fazem a [&hellip;]<\/p>\n","protected":false},"author":9,"featured_media":11937,"comment_status":"open","ping_status":"closed","sticky":false,"template":"","format":"standard","meta":{"footnotes":""},"categories":[234],"tags":[1377,638,519],"class_list":["post-11936","post","type-post","status-publish","format-standard","has-post-thumbnail","hentry","category-cb-poder","tag-explosao-de-caixas-eletronicos","tag-secretaria-de-planejamento","tag-vigilancia"],"_links":{"self":[{"href":"https:\/\/blogs.correiobraziliense.com.br\/cbpoder\/wp-json\/wp\/v2\/posts\/11936","targetHints":{"allow":["GET"]}}],"collection":[{"href":"https:\/\/blogs.correiobraziliense.com.br\/cbpoder\/wp-json\/wp\/v2\/posts"}],"about":[{"href":"https:\/\/blogs.correiobraziliense.com.br\/cbpoder\/wp-json\/wp\/v2\/types\/post"}],"author":[{"embeddable":true,"href":"https:\/\/blogs.correiobraziliense.com.br\/cbpoder\/wp-json\/wp\/v2\/users\/9"}],"replies":[{"embeddable":true,"href":"https:\/\/blogs.correiobraziliense.com.br\/cbpoder\/wp-json\/wp\/v2\/comments?post=11936"}],"version-history":[{"count":1,"href":"https:\/\/blogs.correiobraziliense.com.br\/cbpoder\/wp-json\/wp\/v2\/posts\/11936\/revisions"}],"predecessor-version":[{"id":11938,"href":"https:\/\/blogs.correiobraziliense.com.br\/cbpoder\/wp-json\/wp\/v2\/posts\/11936\/revisions\/11938"}],"wp:featuredmedia":[{"embeddable":true,"href":"https:\/\/blogs.correiobraziliense.com.br\/cbpoder\/wp-json\/wp\/v2\/media\/11937"}],"wp:attachment":[{"href":"https:\/\/blogs.correiobraziliense.com.br\/cbpoder\/wp-json\/wp\/v2\/media?parent=11936"}],"wp:term":[{"taxonomy":"category","embeddable":true,"href":"https:\/\/blogs.correiobraziliense.com.br\/cbpoder\/wp-json\/wp\/v2\/categories?post=11936"},{"taxonomy":"post_tag","embeddable":true,"href":"https:\/\/blogs.correiobraziliense.com.br\/cbpoder\/wp-json\/wp\/v2\/tags?post=11936"}],"curies":[{"name":"wp","href":"https:\/\/api.w.org\/{rel}","templated":true}]}}