{"id":11865,"date":"2018-07-19T10:44:15","date_gmt":"2018-07-19T13:44:15","guid":{"rendered":"https:\/\/blogs.correiobraziliense.com.br\/cbpoder\/?p=11865"},"modified":"2018-07-19T10:48:36","modified_gmt":"2018-07-19T13:48:36","slug":"com-carta-branca-do-pr-frejat-avalia-se-retoma-pre-candidatura-ao-gdf-ate-segunda","status":"publish","type":"post","link":"https:\/\/blogs.correiobraziliense.com.br\/cbpoder\/com-carta-branca-do-pr-frejat-avalia-se-retoma-pre-candidatura-ao-gdf-ate-segunda\/","title":{"rendered":"Com carta branca do PR, Frejat avalia se retoma pr\u00e9-candidatura ao GDF at\u00e9 segunda"},"content":{"rendered":"<p>Ap\u00f3s uma reuni\u00e3o breve com o dirigente nacional do PR, Valdemar Costa Neto, nesta manh\u00e3 (19\/07), o ex-secret\u00e1rio de Sa\u00fade Jofran Frejat (PR) decidiu avaliar, at\u00e9 segunda-feira, se retoma a pr\u00e9-candidatura ao Pal\u00e1cio do Buriti. O m\u00e9dico disse \u00e0 parte da Executiva Nacional que, entre outras coisas, precisa conversar com seu grupo pol\u00edtico. \u201cDeram-me total autonomia para fazer negocia\u00e7\u00f5es sobre coliga\u00e7\u00f5es e forma\u00e7\u00e3o da chapa. Apesar de ser uma a\u00e7\u00e3o muito gentil, preciso pensar e debater\u201d, pontuou.<\/p>\n<p>&nbsp;<\/p>\n<blockquote><p>L\u00edder em pesquisas de inten\u00e7\u00e3o de voto, Frejat abandonou a disputa na \u00faltima ter\u00e7a-feira devido \u00e0 intransig\u00eancia de aliados. Reclamou das press\u00f5es que vinha sofrendo dentro do grupo, especialmente quanto \u00e0s negocia\u00e7\u00f5es pol\u00edticas. Apontou que, mesmo sem seu consentimento, at\u00e9 cargos da administra\u00e7\u00e3o p\u00fablica estavam sendo prometidos por terceiros, caso assumisse a gest\u00e3o. \u00a0Mas n\u00e3o citou nomes. Para voltar ao jogo, recebeu carta branca da sigla. Mas, por ora, nada muda. \u201cPor enquanto, n\u00e3o mudei de ideia. Tenho um nome na cidade. Preciso avaliar se vale a pena arriscar\u201d, disse ao <strong>Correio<\/strong>.<\/p>\n<p>&nbsp;<\/p><\/blockquote>\n<p>Se voltar \u00e0 corrida eleitoral, ser\u00e1 ao lado do grupo que integrava at\u00e9 ent\u00e3o, formado por MDB, DEM, PP, Avante e PHS. Convidado pela coaliz\u00e3o coordenada pelo senador Cristovam Buarque (PPS) para assumir a cabe\u00e7a de chapa, Frejat negou a proposta. \u201cPor que faria isso? Tenho meu grupo pol\u00edtico. Se o objetivo fosse a uni\u00e3o, teriam a viabilizado antes\u201d, apontou Frejat. Com a negativa do m\u00e9dico, a coliga\u00e7\u00e3o de Cristovam lan\u00e7a, hoje, ao Buriti Rog\u00e9rio Rosso (PSD) ou Izalci Lucas (PSDB).<\/p>\n<p>&nbsp;<\/p>\n<h2><strong>Apelos e garantias<\/strong><\/h2>\n<p>&nbsp;<\/p>\n<p>Desde que decidiu deixar a disputa, Frejat recebeu uma s\u00e9rie de apelos de aliados, correligion\u00e1rios e simpatizantes para repensar o posicionamento. Na noite desta quarta-feira, a rua do m\u00e9dico virou palco de manifesta\u00e7\u00f5es, com direito a bandeiras e um trio el\u00e9trico. Ao p\u00fablico, em tom de campanha, ele garantiu que pensaria na possibilidade de voltar \u00e0 disputa. \u201cEu n\u00e3o vou vender a minha alma ao diabo. Eu n\u00e3o vou fazer do governo balc\u00e3o de neg\u00f3cios, porque n\u00e3o \u00e9 meu governo, n\u00e3o \u00e9 minha posi\u00e7\u00e3o, \u00e9 do povo de Bras\u00edlia. Se for nas posi\u00e7\u00f5es que acho que s\u00e3o justas para o povo de Bras\u00edlia, assumo responsabilidade\u201d, disse a centenas de pessoas que acompanhavam o ato.<\/p>\n<p>&nbsp;<\/p>\n<p>L\u00edderes pol\u00edticos tamb\u00e9m o visitaram. Presidente regional do MDB, Tadeu Filippelli, garantiu a Frejat total autonomia para a escolha do vice. Desde o in\u00edcio das negocia\u00e7\u00f5es, estava pacificado que o emedebista faria a indica\u00e7\u00e3o do n\u00famero dois da chapa, devido \u00e0 estrutura partid\u00e1ria. No entanto, os nomes colocados \u00e0 mesa n\u00e3o agradaram \u2013 seja pelos problemas jur\u00eddicos dos candidatos apontados, seja pela falta de afinidade.<\/p>\n","protected":false},"excerpt":{"rendered":"<p>Ap\u00f3s uma reuni\u00e3o breve com o dirigente nacional do PR, Valdemar Costa Neto, nesta manh\u00e3 (19\/07), o ex-secret\u00e1rio de Sa\u00fade Jofran Frejat (PR) decidiu avaliar, at\u00e9 segunda-feira, se retoma a pr\u00e9-candidatura ao Pal\u00e1cio do Buriti. O m\u00e9dico disse \u00e0 parte da Executiva Nacional que, entre outras coisas, precisa conversar com seu grupo pol\u00edtico. \u201cDeram-me total autonomia para fazer negocia\u00e7\u00f5es sobre [&hellip;]<\/p>\n","protected":false},"author":90,"featured_media":8952,"comment_status":"open","ping_status":"closed","sticky":false,"template":"","format":"standard","meta":{"footnotes":""},"categories":[234],"tags":[1345,807,967,1344],"class_list":["post-11865","post","type-post","status-publish","format-standard","has-post-thumbnail","hentry","category-cb-poder","tag-candidato-ao-gdf","tag-eleicoes-2018","tag-jofran-frejat","tag-valdemar-costa-neto"],"_links":{"self":[{"href":"https:\/\/blogs.correiobraziliense.com.br\/cbpoder\/wp-json\/wp\/v2\/posts\/11865","targetHints":{"allow":["GET"]}}],"collection":[{"href":"https:\/\/blogs.correiobraziliense.com.br\/cbpoder\/wp-json\/wp\/v2\/posts"}],"about":[{"href":"https:\/\/blogs.correiobraziliense.com.br\/cbpoder\/wp-json\/wp\/v2\/types\/post"}],"author":[{"embeddable":true,"href":"https:\/\/blogs.correiobraziliense.com.br\/cbpoder\/wp-json\/wp\/v2\/users\/90"}],"replies":[{"embeddable":true,"href":"https:\/\/blogs.correiobraziliense.com.br\/cbpoder\/wp-json\/wp\/v2\/comments?post=11865"}],"version-history":[{"count":4,"href":"https:\/\/blogs.correiobraziliense.com.br\/cbpoder\/wp-json\/wp\/v2\/posts\/11865\/revisions"}],"predecessor-version":[{"id":11869,"href":"https:\/\/blogs.correiobraziliense.com.br\/cbpoder\/wp-json\/wp\/v2\/posts\/11865\/revisions\/11869"}],"wp:featuredmedia":[{"embeddable":true,"href":"https:\/\/blogs.correiobraziliense.com.br\/cbpoder\/wp-json\/wp\/v2\/media\/8952"}],"wp:attachment":[{"href":"https:\/\/blogs.correiobraziliense.com.br\/cbpoder\/wp-json\/wp\/v2\/media?parent=11865"}],"wp:term":[{"taxonomy":"category","embeddable":true,"href":"https:\/\/blogs.correiobraziliense.com.br\/cbpoder\/wp-json\/wp\/v2\/categories?post=11865"},{"taxonomy":"post_tag","embeddable":true,"href":"https:\/\/blogs.correiobraziliense.com.br\/cbpoder\/wp-json\/wp\/v2\/tags?post=11865"}],"curies":[{"name":"wp","href":"https:\/\/api.w.org\/{rel}","templated":true}]}}