{"id":11857,"date":"2018-07-19T06:01:38","date_gmt":"2018-07-19T09:01:38","guid":{"rendered":"https:\/\/blogs.correiobraziliense.com.br\/cbpoder\/?p=11857"},"modified":"2018-07-18T22:08:52","modified_gmt":"2018-07-19T01:08:52","slug":"izalci-admite-abrir-mao-da-disputa-pelo-buriti-caso-rosso-comprove-ser-o-melhor-nome","status":"publish","type":"post","link":"https:\/\/blogs.correiobraziliense.com.br\/cbpoder\/izalci-admite-abrir-mao-da-disputa-pelo-buriti-caso-rosso-comprove-ser-o-melhor-nome\/","title":{"rendered":"Izalci admite abrir m\u00e3o da disputa pelo Buriti caso Rosso comprove ser o melhor nome"},"content":{"rendered":"<p><strong>Alexandre de Paula<\/strong><\/p>\n<p>&nbsp;<\/p>\n<p><span style=\"font-weight: 400\">O deputado federal e postulante ao Pal\u00e1cio do Buriti Izalci Lucas (PSDB) disse que tem capacidade para exorcizar o diabo das elei\u00e7\u00f5es de 2018 no Distrito Federal. A afirma\u00e7\u00e3o \u2014 feita ontem em entrevista ao programa <\/span><i><span style=\"font-weight: 400\">CB.Poder<\/span><\/i><span style=\"font-weight: 400\"> \u2014 faz alus\u00e3o \u00e0 fala de Jofran Frejat (PR) ao explicar as raz\u00f5es para desistir da candidatura ao Executivo local. \u201cN\u00e3o vou vender a minha alma ao diabo\u201d, disse o ex-secret\u00e1rio de sa\u00fade. Exibindo um ter\u00e7o, que tirou do bolso, Izalci disse que tem a receita para vencer o mal. \u201cTodos os dias, voc\u00ea tem que matar um diabo. Mas voc\u00ea tem de ter coragem de encar\u00e1-lo, qualquer que seja ele. N\u00e3o tenho nenhuma d\u00favida de que posso fazer isso, a gente o enfrenta todos os dias\u201d, afirmou.<\/span><\/p>\n<p>&nbsp;<\/p>\n<p><span style=\"font-weight: 400\">No programa, transmitido on-line pela p\u00e1gina do <\/span><b>Correio <\/b><span style=\"font-weight: 400\">no Facebook, come\u00e7ou a pipocar em aplicativos de mensagens um trocadilho com o nome do deputado e a posi\u00e7\u00e3o de exorcista. \u201cIzalcista\u201d, cunharam internautas e apoiadores de do tucano. Apesar da declara\u00e7\u00e3o, Izalci precisa enfrentar disputas internas no partido para se firmar como candidato ao GDF. Entrevistado pelo <\/span><i><span style=\"font-weight: 400\">CB.Poder<\/span><\/i><span style=\"font-weight: 400\"> na segunda-feira, o deputado federal Rog\u00e9rio Rosso (PSD) ressaltou que seria candidato a governador caso a desist\u00eancia de Frejat se confirmasse.<\/span><\/p>\n<p>&nbsp;<\/p>\n<blockquote><p><span style=\"font-weight: 400\">Para tentar resolver o impasse, Rosso e Izalci passaram os \u00faltimos dois dias em longas reuni\u00f5es para deliberar sobre o futuro do grupo no Distrito Federal, que conta ainda com o apoio do senador Cristovam Buarque (PPS) e do presidente do PRB-DF, Wanderley Tavares. Na entrevista ao <\/span><i><span style=\"font-weight: 400\">CB.Poder<\/span><\/i><span style=\"font-weight: 400\">, ontem, Izalci deu como descartada a candidatura de Rosso. \u201cN\u00e3o houve, em nenhum momento, uma discuss\u00e3o com rela\u00e7\u00e3o ao Rosso ser candidato. Por qu\u00ea? Porque n\u00e3o h\u00e1 motivos para isso. Por exemplo, eu recebi uma pesquisa ontem que mostra que, com a sa\u00edda do Jofran, eu fico em primeiro lugar\u201d, defendeu.<\/span><\/p>\n<p>&nbsp;<\/p><\/blockquote>\n<p><span style=\"font-weight: 400\">Izalci tamb\u00e9m alfinetou o aliado ao comentar a declara\u00e7\u00e3o dada por Rosso de que pagaria o reajuste aos servidores p\u00fablicos no primeiro m\u00eas. \u201cA gente tem de ter muita responsabilidade. Eu n\u00e3o sou de dizer coisas s\u00f3 para ganhar elei\u00e7\u00e3o. Voc\u00ea tem de cumprir acordos, mas o prazo vai depender das circunst\u00e2ncias. N\u00e3o d\u00e1 para brincar com essas coisas\u201d, argumentou.<\/span><\/p>\n<p>&nbsp;<\/p>\n<h2><b>Abertura<\/b><\/h2>\n<p>&nbsp;<\/p>\n<p><span style=\"font-weight: 400\">Para Izalci, existe uma tentativa de atrapalhar a sua candidatura ao Buriti. \u201cAs pessoas tentam minar a minha candidatura, mas n\u00e3o v\u00e3o conseguir. Primeiro, porque sou determinado, depois, porque tenho compromisso com a minha cidade\u201d, declarou. Apesar de refor\u00e7ar o desejo de se manter na disputa ao GDF, o tucano disse que poderia abrir m\u00e3o da vaga caso fosse convencido de que h\u00e1 uma proposta melhor para o DF. \u201cSe o Rosso me convencer de que a proposta que ele tem \u00e9 melhor do que a minha, eu n\u00e3o tenho dificuldade de conversar. Agora, ele tem que ter argumentos.\u201d<\/span><\/p>\n<p>&nbsp;<\/p>\n<p><span style=\"font-weight: 400\">O tucano se mostra mais aberto para deixar de ser cabe\u00e7a de chapa na hip\u00f3tese de Frejat retomar a candidatura e se aliar ao grupo. \u201cO Jofran \u00e9 uma pessoa do bem, que n\u00e3o deveria desistir, que deveria continuar. N\u00f3s, inclusive, trabalhamos com essa possibilidade de traz\u00ea-lo para a nossa coliga\u00e7\u00e3o. Estamos muito preocupados com o DF, e ele poderia ajudar muito a gente resgatar o DF desse abandono que est\u00e1 a\u00ed.\u201d<\/span><\/p>\n","protected":false},"excerpt":{"rendered":"<p>Alexandre de Paula &nbsp; O deputado federal e postulante ao Pal\u00e1cio do Buriti Izalci Lucas (PSDB) disse que tem capacidade para exorcizar o diabo das elei\u00e7\u00f5es de 2018 no Distrito Federal. A afirma\u00e7\u00e3o \u2014 feita ontem em entrevista ao programa CB.Poder \u2014 faz alus\u00e3o \u00e0 fala de Jofran Frejat (PR) ao explicar as raz\u00f5es para desistir da candidatura ao Executivo [&hellip;]<\/p>\n","protected":false},"author":90,"featured_media":7591,"comment_status":"open","ping_status":"closed","sticky":false,"template":"","format":"standard","meta":{"footnotes":""},"categories":[234],"tags":[596,807,692,258],"class_list":["post-11857","post","type-post","status-publish","format-standard","has-post-thumbnail","hentry","category-cb-poder","tag-cristovam-buarque","tag-eleicoes-2018","tag-izalci-lucas","tag-rogerio-rosso"],"_links":{"self":[{"href":"https:\/\/blogs.correiobraziliense.com.br\/cbpoder\/wp-json\/wp\/v2\/posts\/11857","targetHints":{"allow":["GET"]}}],"collection":[{"href":"https:\/\/blogs.correiobraziliense.com.br\/cbpoder\/wp-json\/wp\/v2\/posts"}],"about":[{"href":"https:\/\/blogs.correiobraziliense.com.br\/cbpoder\/wp-json\/wp\/v2\/types\/post"}],"author":[{"embeddable":true,"href":"https:\/\/blogs.correiobraziliense.com.br\/cbpoder\/wp-json\/wp\/v2\/users\/90"}],"replies":[{"embeddable":true,"href":"https:\/\/blogs.correiobraziliense.com.br\/cbpoder\/wp-json\/wp\/v2\/comments?post=11857"}],"version-history":[{"count":2,"href":"https:\/\/blogs.correiobraziliense.com.br\/cbpoder\/wp-json\/wp\/v2\/posts\/11857\/revisions"}],"predecessor-version":[{"id":11859,"href":"https:\/\/blogs.correiobraziliense.com.br\/cbpoder\/wp-json\/wp\/v2\/posts\/11857\/revisions\/11859"}],"wp:featuredmedia":[{"embeddable":true,"href":"https:\/\/blogs.correiobraziliense.com.br\/cbpoder\/wp-json\/wp\/v2\/media\/7591"}],"wp:attachment":[{"href":"https:\/\/blogs.correiobraziliense.com.br\/cbpoder\/wp-json\/wp\/v2\/media?parent=11857"}],"wp:term":[{"taxonomy":"category","embeddable":true,"href":"https:\/\/blogs.correiobraziliense.com.br\/cbpoder\/wp-json\/wp\/v2\/categories?post=11857"},{"taxonomy":"post_tag","embeddable":true,"href":"https:\/\/blogs.correiobraziliense.com.br\/cbpoder\/wp-json\/wp\/v2\/tags?post=11857"}],"curies":[{"name":"wp","href":"https:\/\/api.w.org\/{rel}","templated":true}]}}