{"id":11829,"date":"2018-07-19T19:17:16","date_gmt":"2018-07-19T22:17:16","guid":{"rendered":"https:\/\/blogs.correiobraziliense.com.br\/cbpoder\/?p=11829"},"modified":"2018-07-19T20:37:12","modified_gmt":"2018-07-19T23:37:12","slug":"grupo-de-cristovam-lanca-rogerio-rosso-ao-gdf","status":"publish","type":"post","link":"https:\/\/blogs.correiobraziliense.com.br\/cbpoder\/grupo-de-cristovam-lanca-rogerio-rosso-ao-gdf\/","title":{"rendered":"Grupo de Cristovam lan\u00e7a Rog\u00e9rio Rosso ao GDF"},"content":{"rendered":"<p><span style=\"font-weight: 400\">Ap\u00f3s meses de idas e vindas, o grupo de centro-direita coordenado pelo senador Cristovam Buarque (PPS), anunciou, nesta quinta-feira (19\/07), a forma\u00e7\u00e3o de parte da chapa que testar\u00e1 as urnas em outubro. O grupo lan\u00e7ou o nome do deputado federal Rog\u00e9rio Rosso (PSD) ao GDF e confirmou Cristovam como postulante \u00e0 reelei\u00e7\u00e3o. A vaga remanescente do Senado e a vice-governadoria permanecem em aberto.<\/span><\/p>\n<p>&nbsp;<\/p>\n<p><span style=\"font-weight: 400\">Para chegar \u00e0 decis\u00e3o, foram tr\u00eas dias seguidos de intensa negocia\u00e7\u00e3o. O principal imbr\u00f3glio girou em torno da escolha entre Rosso e o deputado federal Izalci Lucas (PSDB) para a cabe\u00e7a de chapa. Apesar de a maioria do grupo pol\u00edtico defender o nome do pessedista, por acreditar que ele tem mais chances de agregar alian\u00e7as e crescer durante a campanha, o tucano insistiu em se manter na disputa. <\/span><\/p>\n<p>&nbsp;<\/p>\n<blockquote><p><span style=\"font-weight: 400\">Para tornar o processo mais democr\u00e1tico, as lideran\u00e7as promoveram uma vota\u00e7\u00e3o oral. Todos os partidos presentes escolheram Rosso como pr\u00e9-candidato, \u00e0 exce\u00e7\u00e3o do PSDB. Izalci deixou o encontro contrariado e amea\u00e7ou concorrer sozinho ao Pal\u00e1cio do Buriti. \u201cAinda assim, mantivemos o espa\u00e7o de vice desocupado. Acreditamos que, ap\u00f3s conversas com os dirigentes nacionais do partido, ele decida permanecer conosco\u201d, ponderou Cristovam.<\/span><\/p>\n<p>&nbsp;<\/p><\/blockquote>\n<p><span style=\"font-weight: 400\">O tucano havia sido lan\u00e7ado em maio ao GDF pelo grupo formado por PSDB, PSD, PPS, PRB e PSC. Entretanto, o desgaste dele junto a correligion\u00e1rios esvaziou o suporte da coaliz\u00e3o. Al\u00e9m disso, PSDB e PSD fecharam acordo nacional que previa a garantia da vaga do GDF a Rosso. <\/span><\/p>\n<p>&nbsp;<\/p>\n<p>Caso Izalci Lucas, de fato, abra m\u00e3o de ser o n\u00famero dois da chapa, a vaga deve ficar com o pastor da Assembleia de Deus Egmar Tavares, irm\u00e3o e correligion\u00e1rio do presidente regional do PRB, Wanderley Tavares.<\/p>\n<p>&nbsp;<\/p>\n<p><span style=\"font-weight: 400\">Antes da defini\u00e7\u00e3o desta quinta-feira, a frente de Cristovam chegou a colocar a vaga do Executivo local \u00e0 disposi\u00e7\u00e3o do ex-secret\u00e1rio de Sa\u00fade Jofran Frejat (PR). O m\u00e9dico retirou a pr\u00e9-candidatura ao GDF na \u00faltima ter\u00e7a-feira, devido a intransig\u00eancias em seu grupo pol\u00edtico, formado por MDB, DEM, PP, PHS e Avante. O ex-deputado federal, entretanto, negou o convite. Com carta branca do PR, ele avalia retornar \u00e0 corrida eleitoral na mesma chapa.<\/span><\/p>\n<p>&nbsp;<\/p>\n<h2>Reflex\u00e3o<\/h2>\n<p>&nbsp;<\/p>\n<p>Apesar da decis\u00e3o da coliga\u00e7\u00e3o, Rosso n\u00e3o confirmou que ser\u00e1 candidato ao Executivo local. Em nota publicada logo ap\u00f3s a reuni\u00e3o, o deputado federal alegou que ainda precisa refletir. \u201cVou utilizar as pr\u00f3ximas horas para consultar minha fam\u00edlia, meus apoiadores, meus amigos e o presidente nacional do meu Partido, ministro Gilberto Kassab, para decidir sobre meu posicionamento final\u201d, ponderou.<\/p>\n<p>&nbsp;<\/p>\n<p><span style=\"font-weight: 400\">O pessedista acrescentou que tentou, ao m\u00e1ximo, manter a uni\u00e3o entre as siglas envolvidas na negocia\u00e7\u00e3o. \u201cTenho procurado manter a unidade do nosso grupo e dialogado \u00e0 exaust\u00e3o para que sempre prevale\u00e7a o entendimento e a harmonia entre os partidos de nossa alian\u00e7a, mantendo inclusive o di\u00e1logo com outras coliga\u00e7\u00f5es no campo da oposi\u00e7\u00e3o ao atual governo de Bras\u00edlia\u201d, completou. <\/span><\/p>\n<p>&nbsp;<\/p>\n","protected":false},"excerpt":{"rendered":"<p>Ap\u00f3s meses de idas e vindas, o grupo de centro-direita coordenado pelo senador Cristovam Buarque (PPS), anunciou, nesta quinta-feira (19\/07), a forma\u00e7\u00e3o de parte da chapa que testar\u00e1 as urnas em outubro. O grupo lan\u00e7ou o nome do deputado federal Rog\u00e9rio Rosso (PSD) ao GDF e confirmou Cristovam como postulante \u00e0 reelei\u00e7\u00e3o. A vaga remanescente do Senado e a vice-governadoria [&hellip;]<\/p>\n","protected":false},"author":90,"featured_media":11769,"comment_status":"open","ping_status":"closed","sticky":false,"template":"","format":"standard","meta":{"footnotes":""},"categories":[234],"tags":[596,1359,807,16,387],"class_list":["post-11829","post","type-post","status-publish","format-standard","has-post-thumbnail","hentry","category-cb-poder","tag-cristovam-buarque","tag-egmar-tavares","tag-eleicoes-2018","tag-gdf","tag-palacio-do-buriti"],"_links":{"self":[{"href":"https:\/\/blogs.correiobraziliense.com.br\/cbpoder\/wp-json\/wp\/v2\/posts\/11829","targetHints":{"allow":["GET"]}}],"collection":[{"href":"https:\/\/blogs.correiobraziliense.com.br\/cbpoder\/wp-json\/wp\/v2\/posts"}],"about":[{"href":"https:\/\/blogs.correiobraziliense.com.br\/cbpoder\/wp-json\/wp\/v2\/types\/post"}],"author":[{"embeddable":true,"href":"https:\/\/blogs.correiobraziliense.com.br\/cbpoder\/wp-json\/wp\/v2\/users\/90"}],"replies":[{"embeddable":true,"href":"https:\/\/blogs.correiobraziliense.com.br\/cbpoder\/wp-json\/wp\/v2\/comments?post=11829"}],"version-history":[{"count":4,"href":"https:\/\/blogs.correiobraziliense.com.br\/cbpoder\/wp-json\/wp\/v2\/posts\/11829\/revisions"}],"predecessor-version":[{"id":11893,"href":"https:\/\/blogs.correiobraziliense.com.br\/cbpoder\/wp-json\/wp\/v2\/posts\/11829\/revisions\/11893"}],"wp:featuredmedia":[{"embeddable":true,"href":"https:\/\/blogs.correiobraziliense.com.br\/cbpoder\/wp-json\/wp\/v2\/media\/11769"}],"wp:attachment":[{"href":"https:\/\/blogs.correiobraziliense.com.br\/cbpoder\/wp-json\/wp\/v2\/media?parent=11829"}],"wp:term":[{"taxonomy":"category","embeddable":true,"href":"https:\/\/blogs.correiobraziliense.com.br\/cbpoder\/wp-json\/wp\/v2\/categories?post=11829"},{"taxonomy":"post_tag","embeddable":true,"href":"https:\/\/blogs.correiobraziliense.com.br\/cbpoder\/wp-json\/wp\/v2\/tags?post=11829"}],"curies":[{"name":"wp","href":"https:\/\/api.w.org\/{rel}","templated":true}]}}