{"id":11822,"date":"2018-07-17T16:36:54","date_gmt":"2018-07-17T19:36:54","guid":{"rendered":"https:\/\/blogs.correiobraziliense.com.br\/cbpoder\/?p=11822"},"modified":"2018-07-17T16:36:54","modified_gmt":"2018-07-17T19:36:54","slug":"pandora-prescrevem-penas-de-jose-geraldo-maciel-e-renato-malcotti-por-formacao-de-quadrilha","status":"publish","type":"post","link":"https:\/\/blogs.correiobraziliense.com.br\/cbpoder\/pandora-prescrevem-penas-de-jose-geraldo-maciel-e-renato-malcotti-por-formacao-de-quadrilha\/","title":{"rendered":"Pandora: prescrevem penas de Jos\u00e9 Geraldo Maciel e Renato Malcotti por forma\u00e7\u00e3o de quadrilha"},"content":{"rendered":"<p><span style=\"font-weight: 400\">Quatro anos ap\u00f3s o recebimento da den\u00fancia por forma\u00e7\u00e3o de quadrilha contra 19 alvos da Opera\u00e7\u00e3o Caixa de Pandora, a 7\u00aa Vara Criminal reconheceu a prescri\u00e7\u00e3o das penas de Jos\u00e9 Geraldo Maciel, secret\u00e1rio da Casa Civil na gest\u00e3o de Jos\u00e9 Roberto Arruda (PR), e do lobista Renato Malcotti. Para os demais r\u00e9us, a a\u00e7\u00e3o penal prossegue normalmente. <\/span><\/p>\n<p>&nbsp;<\/p>\n<blockquote><p><span style=\"font-weight: 400\">A decis\u00e3o do juiz Newton Mendes de Arag\u00e3o Filho, que data da \u00faltima sexta-feira (13), atende ao pedido das defesas de Maciel e Malcotti. A extin\u00e7\u00e3o da punibilidade aconteceu porque, no caso do crime de quadrilha, o prazo para a prescri\u00e7\u00e3o penal ap\u00f3s o recebimento da den\u00fancia \u00e9 de oito anos. Pela idade acima de 70 anos, a dupla t\u00eam direito \u00e0 redu\u00e7\u00e3o do per\u00edodo pela metade. A data-limite para a execu\u00e7\u00e3o da pena, portanto, seria em abril deste ano. <\/span><\/p>\n<p>&nbsp;<\/p><\/blockquote>\n<p><span style=\"font-weight: 400\">Segundo as investiga\u00e7\u00f5es, Maciel e Malcotti participaram de um esquema de distribui\u00e7\u00e3o de propina entre integrantes do governo Arruda e deputados distritais. O caso ficou conhecido ap\u00f3s o delator do esquema e secret\u00e1rio de Rela\u00e7\u00f5es Institucionais da gest\u00e3o, Durval Barbosa, apresentar v\u00eddeos de Arruda recebendo dinheiro. <\/span><\/p>\n<p>&nbsp;<\/p>\n<h2><b>Andamento processual<\/b><\/h2>\n<p>&nbsp;<\/p>\n<p><span style=\"font-weight: 400\">O magistrado ainda determinou a retomada do andamento da a\u00e7\u00e3o penal, ressaltando que a \u00fanica restri\u00e7\u00e3o imposta pelo Superior Tribunal de Justi\u00e7a (STJ) \u00e9 a de o poder Judici\u00e1rio local n\u00e3o encerrar a instru\u00e7\u00e3o processual ou prolatar senten\u00e7a antes que sejam esva\u00eddas todas as possibilidades de localiza\u00e7\u00e3o de gravadores usados por Durval Barbosa.\u00a0<\/span><\/p>\n<p>&nbsp;<\/p>\n<p>O juiz Newton\u00a0Mendes de Arag\u00e3o Filho lembrou que a Pol\u00edcia Federal agendou para o pr\u00f3ximo dia 26 a entrega da per\u00edcia complementar de um dos aparelhos que registrou as conversas que deram origem \u00e0 Opera\u00e7\u00e3o.\u00a0<span style=\"font-weight: 400\">Com a decis\u00e3o, devem ser agendados para as pr\u00f3ximas semanas os interrogat\u00f3rios dos r\u00e9us. \u201c<\/span><span style=\"font-weight: 400\">A continua\u00e7\u00e3o das demais fases processuais que antecedem a prola\u00e7\u00e3o de senten\u00e7a n\u00e3o possui o cond\u00e3o de ensejar qualquer preju\u00edzo para as pr\u00e9-delineadas teses defensivas de que as grava\u00e7\u00f5es decorrentes da a\u00e7\u00e3o controlada foram manipuladas\u201d, apontou.<\/span><\/p>\n<p>&nbsp;<\/p>\n","protected":false},"excerpt":{"rendered":"<p>Quatro anos ap\u00f3s o recebimento da den\u00fancia por forma\u00e7\u00e3o de quadrilha contra 19 alvos da Opera\u00e7\u00e3o Caixa de Pandora, a 7\u00aa Vara Criminal reconheceu a prescri\u00e7\u00e3o das penas de Jos\u00e9 Geraldo Maciel, secret\u00e1rio da Casa Civil na gest\u00e3o de Jos\u00e9 Roberto Arruda (PR), e do lobista Renato Malcotti. Para os demais r\u00e9us, a a\u00e7\u00e3o penal prossegue normalmente. &nbsp; A decis\u00e3o [&hellip;]<\/p>\n","protected":false},"author":90,"featured_media":11824,"comment_status":"open","ping_status":"closed","sticky":false,"template":"","format":"standard","meta":{"footnotes":""},"categories":[234],"tags":[729,1356,1357],"class_list":["post-11822","post","type-post","status-publish","format-standard","has-post-thumbnail","hentry","category-cb-poder","tag-caixa-de-pandora","tag-jose-geraldo-maciel","tag-renato-malcotti"],"_links":{"self":[{"href":"https:\/\/blogs.correiobraziliense.com.br\/cbpoder\/wp-json\/wp\/v2\/posts\/11822","targetHints":{"allow":["GET"]}}],"collection":[{"href":"https:\/\/blogs.correiobraziliense.com.br\/cbpoder\/wp-json\/wp\/v2\/posts"}],"about":[{"href":"https:\/\/blogs.correiobraziliense.com.br\/cbpoder\/wp-json\/wp\/v2\/types\/post"}],"author":[{"embeddable":true,"href":"https:\/\/blogs.correiobraziliense.com.br\/cbpoder\/wp-json\/wp\/v2\/users\/90"}],"replies":[{"embeddable":true,"href":"https:\/\/blogs.correiobraziliense.com.br\/cbpoder\/wp-json\/wp\/v2\/comments?post=11822"}],"version-history":[{"count":2,"href":"https:\/\/blogs.correiobraziliense.com.br\/cbpoder\/wp-json\/wp\/v2\/posts\/11822\/revisions"}],"predecessor-version":[{"id":11825,"href":"https:\/\/blogs.correiobraziliense.com.br\/cbpoder\/wp-json\/wp\/v2\/posts\/11822\/revisions\/11825"}],"wp:featuredmedia":[{"embeddable":true,"href":"https:\/\/blogs.correiobraziliense.com.br\/cbpoder\/wp-json\/wp\/v2\/media\/11824"}],"wp:attachment":[{"href":"https:\/\/blogs.correiobraziliense.com.br\/cbpoder\/wp-json\/wp\/v2\/media?parent=11822"}],"wp:term":[{"taxonomy":"category","embeddable":true,"href":"https:\/\/blogs.correiobraziliense.com.br\/cbpoder\/wp-json\/wp\/v2\/categories?post=11822"},{"taxonomy":"post_tag","embeddable":true,"href":"https:\/\/blogs.correiobraziliense.com.br\/cbpoder\/wp-json\/wp\/v2\/tags?post=11822"}],"curies":[{"name":"wp","href":"https:\/\/api.w.org\/{rel}","templated":true}]}}