{"id":11766,"date":"2018-07-16T09:00:04","date_gmt":"2018-07-16T12:00:04","guid":{"rendered":"https:\/\/blogs.correiobraziliense.com.br\/cbpoder\/?p=11766"},"modified":"2018-07-15T21:19:58","modified_gmt":"2018-07-16T00:19:58","slug":"rosso-cogita-concorrer-ao-gdf","status":"publish","type":"post","link":"https:\/\/blogs.correiobraziliense.com.br\/cbpoder\/rosso-cogita-concorrer-ao-gdf\/","title":{"rendered":"De olho no Senado, Rosso cogita concorrer ao GDF"},"content":{"rendered":"<p>ANA MARIA CAMPOS<\/p>\n<p>Governador do Distrito Federal durante nove meses em 2010, o deputado Rog\u00e9rio Rosso (PSD) surgiu como uma possibilidade de candidatura ao Pal\u00e1cio do Buriti.<\/p>\n<p>Rosso vinha discutindo a forma\u00e7\u00e3o de uma chapa tendo o deputado Izalci Lucas (PSDB\/DF) como cabe\u00e7a de chapa.\u00a0 Mas, nos \u00faltimos dias, o jogo mudou. Se o pr\u00e9-candidato Jofran Frejat (PR) sair da disputa, Rosso pode decidir concorrer. Seu projeto original era a reelei\u00e7\u00e3o como deputado federal, mas recebeu convites para se candidatar ao Senado. Um acordo nacional entre PSD e PSDB, no entanto, embaralhou o cen\u00e1rio.<\/p>\n<p>Veja a entrevista publicada na edi\u00e7\u00e3o de ontem (15\/07) na coluna Eixo Capital:<\/p>\n<p><strong>Existe algum acordo nacional entre Gilberto Kassab, presidente do PSD, e o presidenci\u00e1vel tucano Geraldo Alckmin?<\/strong><br \/>\nO PSD est\u00e1 fechado e alinhado com a candidatura do governo Alckmin.<\/p>\n<p><strong>Uma parceria nacional entre PSD e PSDB tem impacto no DF?<\/strong><br \/>\nSeguramente. DF \u00e9 a capital administrativa do Pa\u00eds e o cen\u00e1rio nacional se reflete aqui e as decis\u00f5es nacionais partem daqui.<\/p>\n<p><strong>Voc\u00ea est\u00e1 sendo incentivado a concorrer ao GDF?<\/strong><br \/>\nN\u00e3o estava nos meus planos. Mas devido a tantos apelos e pelas circunst\u00e2ncias n\u00e3o descarto ser candidato ao GDF.<\/p>\n<p><strong>Pretende ser candidato ao GDF?<\/strong><br \/>\nSegunda-feira (hoje) a popula\u00e7\u00e3o do DF saber\u00e1 minha decis\u00e3o.<\/p>\n<p><strong>E o Senado? Pensa em disputar?<\/strong><br \/>\n\u00c9 a hip\u00f3tese que tenho trabalhado nesses \u00faltimos dias. Mas tudo pode mudar.<\/p>\n<p><strong>Como voc\u00ea avalia esse momento do Frejat de reavaliar a candidatura ao GDF?<\/strong><br \/>\nTem meu aplauso o pensamento do Frejat. Ningu\u00e9m pode ser obrigado a fazer e nem aceitar o que n\u00e3o deseja. Frejat \u00e9 um pol\u00edtico experiente e correto. N\u00e3o precisa se curvar ao toma l\u00e1 d\u00e1 c\u00e1 da pol\u00edtica negativa. Espero que ele reflita bem e que volte ao combate.<\/p>\n<p><strong>Acha que ele ser\u00e1 candidato?<\/strong><br \/>\nAcredito que sim.<\/p>\n<p><strong>O que muda se ele n\u00e3o for?<\/strong><br \/>\nFrejat \u00e9 l\u00edder nas pesquisas. Se ele desistir da candidatura, o jogo pol\u00edtico no DF fica ainda mais confuso e imprevis\u00edvel do que j\u00e1 est\u00e1.<\/p>\n<p><strong>Quem ganha?<\/strong><br \/>\nQuem apresentar as melhores solu\u00e7\u00f5es para os graves problemas que o DF vive hoje. O campo da oposi\u00e7\u00e3o ao Rollemberg sair\u00e1 vitorioso, pois \u00e9 o que a popula\u00e7\u00e3o deseja.<\/p>\n<p>&nbsp;<\/p>\n","protected":false},"excerpt":{"rendered":"<p>ANA MARIA CAMPOS Governador do Distrito Federal durante nove meses em 2010, o deputado Rog\u00e9rio Rosso (PSD) surgiu como uma possibilidade de candidatura ao Pal\u00e1cio do Buriti. Rosso vinha discutindo a forma\u00e7\u00e3o de uma chapa tendo o deputado Izalci Lucas (PSDB\/DF) como cabe\u00e7a de chapa.\u00a0 Mas, nos \u00faltimos dias, o jogo mudou. Se o pr\u00e9-candidato Jofran Frejat (PR) sair da [&hellip;]<\/p>\n","protected":false},"author":9,"featured_media":11769,"comment_status":"open","ping_status":"closed","sticky":false,"template":"","format":"standard","meta":{"footnotes":""},"categories":[234],"tags":[1345,1346,311,268,258],"class_list":["post-11766","post","type-post","status-publish","format-standard","has-post-thumbnail","hentry","category-cb-poder","tag-candidato-ao-gdf","tag-eixo-capital","tag-eleicoes","tag-entrevista","tag-rogerio-rosso"],"_links":{"self":[{"href":"https:\/\/blogs.correiobraziliense.com.br\/cbpoder\/wp-json\/wp\/v2\/posts\/11766","targetHints":{"allow":["GET"]}}],"collection":[{"href":"https:\/\/blogs.correiobraziliense.com.br\/cbpoder\/wp-json\/wp\/v2\/posts"}],"about":[{"href":"https:\/\/blogs.correiobraziliense.com.br\/cbpoder\/wp-json\/wp\/v2\/types\/post"}],"author":[{"embeddable":true,"href":"https:\/\/blogs.correiobraziliense.com.br\/cbpoder\/wp-json\/wp\/v2\/users\/9"}],"replies":[{"embeddable":true,"href":"https:\/\/blogs.correiobraziliense.com.br\/cbpoder\/wp-json\/wp\/v2\/comments?post=11766"}],"version-history":[{"count":1,"href":"https:\/\/blogs.correiobraziliense.com.br\/cbpoder\/wp-json\/wp\/v2\/posts\/11766\/revisions"}],"predecessor-version":[{"id":11772,"href":"https:\/\/blogs.correiobraziliense.com.br\/cbpoder\/wp-json\/wp\/v2\/posts\/11766\/revisions\/11772"}],"wp:featuredmedia":[{"embeddable":true,"href":"https:\/\/blogs.correiobraziliense.com.br\/cbpoder\/wp-json\/wp\/v2\/media\/11769"}],"wp:attachment":[{"href":"https:\/\/blogs.correiobraziliense.com.br\/cbpoder\/wp-json\/wp\/v2\/media?parent=11766"}],"wp:term":[{"taxonomy":"category","embeddable":true,"href":"https:\/\/blogs.correiobraziliense.com.br\/cbpoder\/wp-json\/wp\/v2\/categories?post=11766"},{"taxonomy":"post_tag","embeddable":true,"href":"https:\/\/blogs.correiobraziliense.com.br\/cbpoder\/wp-json\/wp\/v2\/tags?post=11766"}],"curies":[{"name":"wp","href":"https:\/\/api.w.org\/{rel}","templated":true}]}}