{"id":11751,"date":"2018-07-14T06:00:35","date_gmt":"2018-07-14T09:00:35","guid":{"rendered":"https:\/\/blogs.correiobraziliense.com.br\/cbpoder\/?p=11751"},"modified":"2018-07-13T20:10:56","modified_gmt":"2018-07-13T23:10:56","slug":"distrital-telma-rufino-vira-re-por-falsificacao-de-diplomas","status":"publish","type":"post","link":"https:\/\/blogs.correiobraziliense.com.br\/cbpoder\/distrital-telma-rufino-vira-re-por-falsificacao-de-diplomas\/","title":{"rendered":"Justi\u00e7a aceita den\u00fancia e distrital Telma Rufino vira r\u00e9 por falsifica\u00e7\u00e3o de diplomas"},"content":{"rendered":"<p><b>Ana Viriato<\/b><\/p>\n<p><b>Ana Maria Campos<\/b><\/p>\n<p>&nbsp;<\/p>\n<p><span style=\"font-weight: 400\">A 8\u00aa Vara Criminal aceitou den\u00fancia contra Telma Rufino (Pros) e a tornou r\u00e9 por falsifica\u00e7\u00e3o de documento p\u00fablico. A decis\u00e3o aconteceu no \u00e2mbito do primeiro processo contra um distrital remetido \u00e0 1\u00aa inst\u00e2ncia devido \u00e0 restri\u00e7\u00e3o do foro privilegiado. <a href=\"https:\/\/www.correiobraziliense.com.br\/app\/noticia\/cidades\/2017\/10\/13\/interna_cidadesdf,633328\/deputada-telma-rufino-acusada-pelo-ministerio-publico-de-comprar-diplo.shtml\" target=\"_blank\">Segundo o Minist\u00e9rio P\u00fablico do DF e Territ\u00f3rios (MPDFT), a parlamentar comprou os diplomas de gradua\u00e7\u00e3o e p\u00f3s-gradua\u00e7\u00e3o dos quais disp\u00f5e para se apresentar como administradora e gestora p\u00fablica<\/a>.<\/span><\/p>\n<p>&nbsp;<\/p>\n<p><span style=\"font-weight: 400\"><a href=\"https:\/\/www.correiobraziliense.com.br\/app\/noticia\/cidades\/2018\/05\/16\/interna_cidadesdf,680956\/telma-rufino-e-a-primeira-distrital-a-ter-caso-enviado-a-1-instancia.shtml\" target=\"_blank\">A a\u00e7\u00e3o chegou \u00e0s m\u00e3os da ju\u00edza Francisca Danielle Vieira Rolim Mesquita ap\u00f3s o Conselho Especial do Tribunal de Justi\u00e7a do DF e dos Territ\u00f3rios (TJDFT) adotar, em maio, o princ\u00edpio da simetria com a decis\u00e3o do Supremo Tribunal Federal (STF), que limitou a aplica\u00e7\u00e3o do foro especial \u00e0s a\u00e7\u00f5es originadas em crimes praticados durante o mandato e com rela\u00e7\u00e3o \u00e0s fun\u00e7\u00f5es do cargo<\/a>. \u00c0 \u00e9poca, o MPDFT pediu que o inqu\u00e9rito policial em que a parlamentar \u00e9 suspeita de grilagem de terras e corrup\u00e7\u00e3o tamb\u00e9m fosse remetido \u00e0 primeira inst\u00e2ncia.<\/span><\/p>\n<p>&nbsp;<\/p>\n<p><span style=\"font-weight: 400\">Os ind\u00edcios sobre a irregularidade da forma\u00e7\u00e3o acad\u00eamica da distrital surgiram por acaso, durante a Opera\u00e7\u00e3o Trick, deflagrada em 2015 pela Coordena\u00e7\u00e3o de Repress\u00e3o aos Crimes contra o Consumidor, a Ordem Tribut\u00e1ria e Fraudes da Pol\u00edcia Civil (Corf). Os investigadores apuravam crimes relacionados a falsifica\u00e7\u00e3o de documentos, falsidade ideol\u00f3gica, organiza\u00e7\u00e3o criminosa, lavagem de dinheiro e fraude de grande monta envolvendo institui\u00e7\u00f5es banc\u00e1rias. Por causa da proximidade com os principais alvos, Edigard Eneas da Silva e Luciano Alves Dutra Diniz, Telma teve a casa vasculhada em cumprimento a um mandado de busca e apreens\u00e3o.<\/span><\/p>\n<p>&nbsp;<\/p>\n<blockquote><p><span style=\"font-weight: 400\">Nas intercepta\u00e7\u00f5es telef\u00f4nicas autorizadas pela Justi\u00e7a, os policiais encontraram os primeiros sinais de que a deputada teria conquistado os certificados sem prestar vestibular ou realizar trabalhos, provas e projetos finais. Em uma das conversas, Edigard e Luciano se referiam a um \u201cneg\u00f3cio\u201d que deveriam entregar a Telma. \u201cPara que n\u00e3o haja d\u00favidas quanto ao significado do termo \u2018neg\u00f3cio\u2019, \u00e9 relevante lembrar que a pr\u00f3pria Telma Rufino admitiu, em seu termo de declara\u00e7\u00f5es perante a Corf que o \u2018neg\u00f3cio\u2019 em quest\u00e3o se tratava do certificado de p\u00f3s-gradua\u00e7\u00e3o da Faculdade Darwin\u201d, destaca a den\u00fancia.<\/span><\/p>\n<p>&nbsp;<\/p><\/blockquote>\n<p><span style=\"font-weight: 400\">A Pol\u00edcia Civil, ent\u00e3o, analisou registros da Esta\u00e7\u00e3o R\u00e1dio-Base (ERB) dos telefones da parlamentar referentes ao per\u00edodo entre 2010 e 2013, quando Telma frequentou os cursos, segundo os certificados expedidos no nome dela. Com os dados, entretanto, os investigadores constataram que, durante o hor\u00e1rio de aula, na maior parte das vezes, os celulares n\u00e3o estavam na sede da Faculdade, no Areal, mas no Guar\u00e1 e em \u00c1guas Claras.<\/span><\/p>\n<p>&nbsp;<\/p>\n<h2><b>Barganha por diplomas<\/b><\/h2>\n<p>&nbsp;<\/p>\n<p><span style=\"font-weight: 400\">Os investigadores tamb\u00e9m analisaram documentos apresentados pela parlamentar para comprovar a frequ\u00eancia nas aulas. Contudo, h\u00e1 refer\u00eancias a professores que n\u00e3o lecionaram e \u00e0 data errada do vestibular. Telma tamb\u00e9m n\u00e3o conseguiu comprovar que pagou as mensalidades \u00e0 universidade. V\u00e1rias testemunhas ouvidas pelos policiais, entre alunos e professores, disseram que n\u00e3o a conheciam.<\/span><\/p>\n<p>&nbsp;<\/p>\n<p><span style=\"font-weight: 400\">Segundo o MPDFT, em troca da parceria, Telma conseguiu um emprego para Edigard Eneas na administra\u00e7\u00e3o p\u00fablica. Nomeado em abril de 2014, ele ocupou o cargo de subsecret\u00e1rio de Qualifica\u00e7\u00e3o e Capacita\u00e7\u00e3o Profissional da Secretaria de Trabalho durante a gest\u00e3o de Agnelo Queiroz (PT). Ainda naquele per\u00edodo, Edigard atuava como cabo eleitoral e articulador da campanha da parlamentar. A distrital mantinha, ainda, uma rela\u00e7\u00e3o com Luciano Diniz, o qual era professor da Faculdade Darwin e propriet\u00e1rio do Centro de Ensino Diniz Eireli, parceiro da institui\u00e7\u00e3o.<\/span><\/p>\n<p>&nbsp;<\/p>\n<p><span style=\"font-weight: 400\">Advogado da distrital, Alex Valadares afirmou que a defesa recebeu a decis\u00e3o \u201ccom muita tranquilidade\u201d. \u201cExiste uma s\u00e9rie de falhas processuais identificadas que ser\u00e3o objetos de an\u00e1lise da Justi\u00e7a. Estamos avaliando se recorremos agora ou mais \u00e0 frente\u201d, disse.<\/span><\/p>\n","protected":false},"excerpt":{"rendered":"<p>Ana Viriato Ana Maria Campos &nbsp; A 8\u00aa Vara Criminal aceitou den\u00fancia contra Telma Rufino (Pros) e a tornou r\u00e9 por falsifica\u00e7\u00e3o de documento p\u00fablico. A decis\u00e3o aconteceu no \u00e2mbito do primeiro processo contra um distrital remetido \u00e0 1\u00aa inst\u00e2ncia devido \u00e0 restri\u00e7\u00e3o do foro privilegiado. Segundo o Minist\u00e9rio P\u00fablico do DF e Territ\u00f3rios (MPDFT), a parlamentar comprou os diplomas [&hellip;]<\/p>\n","protected":false},"author":90,"featured_media":5280,"comment_status":"open","ping_status":"closed","sticky":false,"template":"","format":"standard","meta":{"footnotes":""},"categories":[234],"tags":[1343,1266,56,498,64],"class_list":["post-11751","post","type-post","status-publish","format-standard","has-post-thumbnail","hentry","category-cb-poder","tag-diplomas","tag-foro-privilegiado","tag-justica","tag-mpdft","tag-telma-rufino"],"_links":{"self":[{"href":"https:\/\/blogs.correiobraziliense.com.br\/cbpoder\/wp-json\/wp\/v2\/posts\/11751","targetHints":{"allow":["GET"]}}],"collection":[{"href":"https:\/\/blogs.correiobraziliense.com.br\/cbpoder\/wp-json\/wp\/v2\/posts"}],"about":[{"href":"https:\/\/blogs.correiobraziliense.com.br\/cbpoder\/wp-json\/wp\/v2\/types\/post"}],"author":[{"embeddable":true,"href":"https:\/\/blogs.correiobraziliense.com.br\/cbpoder\/wp-json\/wp\/v2\/users\/90"}],"replies":[{"embeddable":true,"href":"https:\/\/blogs.correiobraziliense.com.br\/cbpoder\/wp-json\/wp\/v2\/comments?post=11751"}],"version-history":[{"count":6,"href":"https:\/\/blogs.correiobraziliense.com.br\/cbpoder\/wp-json\/wp\/v2\/posts\/11751\/revisions"}],"predecessor-version":[{"id":11757,"href":"https:\/\/blogs.correiobraziliense.com.br\/cbpoder\/wp-json\/wp\/v2\/posts\/11751\/revisions\/11757"}],"wp:featuredmedia":[{"embeddable":true,"href":"https:\/\/blogs.correiobraziliense.com.br\/cbpoder\/wp-json\/wp\/v2\/media\/5280"}],"wp:attachment":[{"href":"https:\/\/blogs.correiobraziliense.com.br\/cbpoder\/wp-json\/wp\/v2\/media?parent=11751"}],"wp:term":[{"taxonomy":"category","embeddable":true,"href":"https:\/\/blogs.correiobraziliense.com.br\/cbpoder\/wp-json\/wp\/v2\/categories?post=11751"},{"taxonomy":"post_tag","embeddable":true,"href":"https:\/\/blogs.correiobraziliense.com.br\/cbpoder\/wp-json\/wp\/v2\/tags?post=11751"}],"curies":[{"name":"wp","href":"https:\/\/api.w.org\/{rel}","templated":true}]}}