{"id":11712,"date":"2018-07-10T14:07:38","date_gmt":"2018-07-10T17:07:38","guid":{"rendered":"https:\/\/blogs.correiobraziliense.com.br\/cbpoder\/?p=11712"},"modified":"2018-07-10T14:07:38","modified_gmt":"2018-07-10T17:07:38","slug":"pelo-fim-da-indicacao-politica-nos-tribunais-superiores","status":"publish","type":"post","link":"https:\/\/blogs.correiobraziliense.com.br\/cbpoder\/pelo-fim-da-indicacao-politica-nos-tribunais-superiores\/","title":{"rendered":"Reguffe cobra fim da indica\u00e7\u00e3o pol\u00edtica nos tribunais superiores"},"content":{"rendered":"<p>Em meio ao prende-solta de pol\u00edticos, o senador Jos\u00e9 Ant\u00f4nio Reguffe (Sem partido-DF) cobrou ontem a an\u00e1lise de uma proposta de emenda constitucional, de sua autoria, que muda as regras para nomea\u00e7\u00f5es de ministros de tribunais superiores.<\/p>\n<p>&nbsp;<\/p>\n<p>Pela proposta, esses magistrados devem ser escolhidos por meio de concurso de provas t\u00edtulos e acaba a vitaliciedade. Os ministros teriam mandatos de cinco anos. Chegam ao fim, assim, na vis\u00e3o de Reguffe, as indica\u00e7\u00f5es pol\u00edticas.<\/p>\n<p>&nbsp;<\/p>\n<p>Ser juiz de tribunal superior deixa de ser uma profiss\u00e3o e passa a ser um servi\u00e7o tempor\u00e1rio. No site do Senado, essa ideia tem o apoio de 98% dos internautas que participaram de uma enquete sobre o tema.<\/p>\n","protected":false},"excerpt":{"rendered":"<p>Em meio ao prende-solta de pol\u00edticos, o senador Jos\u00e9 Ant\u00f4nio Reguffe (Sem partido-DF) cobrou ontem a an\u00e1lise de uma proposta de emenda constitucional, de sua autoria, que muda as regras para nomea\u00e7\u00f5es de ministros de tribunais superiores. &nbsp; Pela proposta, esses magistrados devem ser escolhidos por meio de concurso de provas t\u00edtulos e acaba a vitaliciedade. Os ministros teriam mandatos [&hellip;]<\/p>\n","protected":false},"author":9,"featured_media":5732,"comment_status":"open","ping_status":"closed","sticky":false,"template":"","format":"standard","meta":{"footnotes":""},"categories":[234],"tags":[],"class_list":["post-11712","post","type-post","status-publish","format-standard","has-post-thumbnail","hentry","category-cb-poder"],"_links":{"self":[{"href":"https:\/\/blogs.correiobraziliense.com.br\/cbpoder\/wp-json\/wp\/v2\/posts\/11712","targetHints":{"allow":["GET"]}}],"collection":[{"href":"https:\/\/blogs.correiobraziliense.com.br\/cbpoder\/wp-json\/wp\/v2\/posts"}],"about":[{"href":"https:\/\/blogs.correiobraziliense.com.br\/cbpoder\/wp-json\/wp\/v2\/types\/post"}],"author":[{"embeddable":true,"href":"https:\/\/blogs.correiobraziliense.com.br\/cbpoder\/wp-json\/wp\/v2\/users\/9"}],"replies":[{"embeddable":true,"href":"https:\/\/blogs.correiobraziliense.com.br\/cbpoder\/wp-json\/wp\/v2\/comments?post=11712"}],"version-history":[{"count":1,"href":"https:\/\/blogs.correiobraziliense.com.br\/cbpoder\/wp-json\/wp\/v2\/posts\/11712\/revisions"}],"predecessor-version":[{"id":11713,"href":"https:\/\/blogs.correiobraziliense.com.br\/cbpoder\/wp-json\/wp\/v2\/posts\/11712\/revisions\/11713"}],"wp:featuredmedia":[{"embeddable":true,"href":"https:\/\/blogs.correiobraziliense.com.br\/cbpoder\/wp-json\/wp\/v2\/media\/5732"}],"wp:attachment":[{"href":"https:\/\/blogs.correiobraziliense.com.br\/cbpoder\/wp-json\/wp\/v2\/media?parent=11712"}],"wp:term":[{"taxonomy":"category","embeddable":true,"href":"https:\/\/blogs.correiobraziliense.com.br\/cbpoder\/wp-json\/wp\/v2\/categories?post=11712"},{"taxonomy":"post_tag","embeddable":true,"href":"https:\/\/blogs.correiobraziliense.com.br\/cbpoder\/wp-json\/wp\/v2\/tags?post=11712"}],"curies":[{"name":"wp","href":"https:\/\/api.w.org\/{rel}","templated":true}]}}