{"id":11633,"date":"2018-07-04T19:39:38","date_gmt":"2018-07-04T22:39:38","guid":{"rendered":"https:\/\/blogs.correiobraziliense.com.br\/cbpoder\/?p=11633"},"modified":"2018-07-04T19:42:14","modified_gmt":"2018-07-04T22:42:14","slug":"medica-do-samu-suspeita-de-matar-o-filho-de-3-anos-respondera-por-homicidio-duplamente-qualificado","status":"publish","type":"post","link":"https:\/\/blogs.correiobraziliense.com.br\/cbpoder\/medica-do-samu-suspeita-de-matar-o-filho-de-3-anos-respondera-por-homicidio-duplamente-qualificado\/","title":{"rendered":"M\u00e9dica do Samu suspeita de matar o filho de 3 anos responder\u00e1 por homic\u00eddio duplamente qualificado"},"content":{"rendered":"<p><b>Ana Viriato<\/b><\/p>\n<p>&nbsp;<\/p>\n<p><span style=\"font-weight: 400\">A 1\u00aa Delegacia de Pol\u00edcia (Asa Sul) concluiu e enviou \u00e0 Justi\u00e7a, nesta quarta-feira (04\/07), o inqu\u00e9rito contra a m\u00e9dica do Servi\u00e7o de Atendimento M\u00f3vel de Urg\u00eancia (Samu) suspeita de matar o filho de 3 anos com uma overdose de medicamento. Segundo a corpora\u00e7\u00e3o, a m\u00e3e, Juliana de Pina Ara\u00fajo, 34 anos, cometeu homic\u00eddio duplamente qualificado devido \u00e0 crueldade do crime e ao fato de a v\u00edtima n\u00e3o ter chance de se defender, com o agravante de o menino ter menos de 14 anos. De acordo com a investiga\u00e7\u00e3o, a crian\u00e7a morreu de insufici\u00eancia respirat\u00f3ria, mas\u00a0tamb\u00e9m sofreu les\u00f5es na veia femoral direita, um dos principais vasos sangu\u00edneos da perna.<\/span><\/p>\n<p>&nbsp;<\/p>\n<blockquote><p><span style=\"font-weight: 400\">No apartamento de Juliana, na 210 Sul, a pol\u00edcia encontrou duas cartelas com 30 comprimidos, cada, de Frontal, indicado para o tratamento de transtornos de ansiedade. Havia, ainda, uma caixa de Ritalina, com 18 medicamentos a menos, e um bisturi. O laudo cadav\u00e9rico preliminar do Instituto de Medicina Legal (IML) apontou que a insufici\u00eancia respirat\u00f3ria da crian\u00e7a decorreu de intenso edema pulmonar. A condi\u00e7\u00e3o pode ser resultado de intoxica\u00e7\u00e3o medicamentosa, possibilidade que ser\u00e1 comprovada em testes laboratoriais.<\/span><\/p>\n<p>&nbsp;<\/p><\/blockquote>\n<p><span style=\"font-weight: 400\">Desde o crime, Juliana est\u00e1 internada na ala de psiquiatria do Hospital de Base sob vigil\u00e2ncia policial e, portanto, n\u00e3o prestou depoimento.\u00a0H\u00e1 suspeita de que o assassinato tenha acontecido em raz\u00e3o de um quadro de depress\u00e3o cr\u00f4nica da m\u00e9dica. Ap\u00f3s perceber que o filho estava dopado, ela tentou tirar a pr\u00f3pria vida, com cortes no pesco\u00e7o.<\/span><\/p>\n<p>&nbsp;<\/p>\n","protected":false},"excerpt":{"rendered":"<p>Ana Viriato &nbsp; A 1\u00aa Delegacia de Pol\u00edcia (Asa Sul) concluiu e enviou \u00e0 Justi\u00e7a, nesta quarta-feira (04\/07), o inqu\u00e9rito contra a m\u00e9dica do Servi\u00e7o de Atendimento M\u00f3vel de Urg\u00eancia (Samu) suspeita de matar o filho de 3 anos com uma overdose de medicamento. Segundo a corpora\u00e7\u00e3o, a m\u00e3e, Juliana de Pina Ara\u00fajo, 34 anos, cometeu homic\u00eddio duplamente qualificado devido [&hellip;]<\/p>\n","protected":false},"author":90,"featured_media":11634,"comment_status":"open","ping_status":"closed","sticky":false,"template":"","format":"standard","meta":{"footnotes":""},"categories":[234],"tags":[1318,1319,1316,1317],"class_list":["post-11633","post","type-post","status-publish","format-standard","has-post-thumbnail","hentry","category-cb-poder","tag-filho-de-3-anos","tag-homicidio-duplamente-qualificado","tag-medica","tag-samu"],"_links":{"self":[{"href":"https:\/\/blogs.correiobraziliense.com.br\/cbpoder\/wp-json\/wp\/v2\/posts\/11633","targetHints":{"allow":["GET"]}}],"collection":[{"href":"https:\/\/blogs.correiobraziliense.com.br\/cbpoder\/wp-json\/wp\/v2\/posts"}],"about":[{"href":"https:\/\/blogs.correiobraziliense.com.br\/cbpoder\/wp-json\/wp\/v2\/types\/post"}],"author":[{"embeddable":true,"href":"https:\/\/blogs.correiobraziliense.com.br\/cbpoder\/wp-json\/wp\/v2\/users\/90"}],"replies":[{"embeddable":true,"href":"https:\/\/blogs.correiobraziliense.com.br\/cbpoder\/wp-json\/wp\/v2\/comments?post=11633"}],"version-history":[{"count":3,"href":"https:\/\/blogs.correiobraziliense.com.br\/cbpoder\/wp-json\/wp\/v2\/posts\/11633\/revisions"}],"predecessor-version":[{"id":11637,"href":"https:\/\/blogs.correiobraziliense.com.br\/cbpoder\/wp-json\/wp\/v2\/posts\/11633\/revisions\/11637"}],"wp:featuredmedia":[{"embeddable":true,"href":"https:\/\/blogs.correiobraziliense.com.br\/cbpoder\/wp-json\/wp\/v2\/media\/11634"}],"wp:attachment":[{"href":"https:\/\/blogs.correiobraziliense.com.br\/cbpoder\/wp-json\/wp\/v2\/media?parent=11633"}],"wp:term":[{"taxonomy":"category","embeddable":true,"href":"https:\/\/blogs.correiobraziliense.com.br\/cbpoder\/wp-json\/wp\/v2\/categories?post=11633"},{"taxonomy":"post_tag","embeddable":true,"href":"https:\/\/blogs.correiobraziliense.com.br\/cbpoder\/wp-json\/wp\/v2\/tags?post=11633"}],"curies":[{"name":"wp","href":"https:\/\/api.w.org\/{rel}","templated":true}]}}