{"id":11621,"date":"2018-07-03T15:03:17","date_gmt":"2018-07-03T18:03:17","guid":{"rendered":"https:\/\/blogs.correiobraziliense.com.br\/cbpoder\/?p=11621"},"modified":"2018-07-03T15:03:17","modified_gmt":"2018-07-03T18:03:17","slug":"pdt-adia-decisao-sobre-candidatura-no-df-a-espera-dos-acordos-da-campanha-de-ciro-gomes","status":"publish","type":"post","link":"https:\/\/blogs.correiobraziliense.com.br\/cbpoder\/pdt-adia-decisao-sobre-candidatura-no-df-a-espera-dos-acordos-da-campanha-de-ciro-gomes\/","title":{"rendered":"PDT adia decis\u00e3o sobre candidatura no DF \u00e0 espera dos acordos da campanha de Ciro Gomes"},"content":{"rendered":"<p>ANA MARIA CAMPOS<\/p>\n<p>A executiva regional do PDT decidiu adiar a decis\u00e3o sobre os rumos do partido na pr\u00f3xima elei\u00e7\u00e3o. Estava marcada para hoje \u00e0 noite (03\/07) uma reuni\u00e3o que apontaria se o PDT lan\u00e7ar\u00e1 candidato pr\u00f3prio ao Pal\u00e1cio do Buriti. Mas o presidente nacional, Carlos Lupi, recomendou que a executiva espere um pouco mais. Segundo o presidente do PDT\/DF, Georges Michel, o motivo \u00e9 que saia uma delibera\u00e7\u00e3o &#8220;sintonizada&#8221; com as diretrizes da campanha nacional de Ciro Gomes (PDT) \u00e0 Presid\u00eancia da Rep\u00fablica.<\/p>\n<p>O assunto foi discutido hoje com a presen\u00e7a do presidente da C\u00e2mara Legislativa, Joe Valle (PDT), um dos principais\u00a0interessados na decis\u00e3o. Esse adiamento pode significar que haver\u00e1 uma imposi\u00e7\u00e3o nacional para que a legenda feche uma alian\u00e7a em torno da reelei\u00e7\u00e3o do governador Rodrigo Rollemberg (PSB), numa reciprocidade pelo apoio que o PSB deve representar numa coliga\u00e7\u00e3o em torno da candidatura de Ciro Gomes.<\/p>\n<p>Michel n\u00e3o descarta mais uma alian\u00e7a com Rollemberg, mas garante que nada ser\u00e1 definido por imposi\u00e7\u00e3o. &#8220;Podemos tamb\u00e9m lan\u00e7ar candidato pr\u00f3prio ao GDF. Vamos ouvir os nossos deputados, Joe Valle, Reginaldo Veras e Cl\u00e1udio Abrantes&#8221;, diz o presidente do PDT\/DF. &#8220;O PDT tem candidato em 10 estados e o PSB n\u00e3o nos ap\u00f3ia em todos&#8221;, acrescenta Michel.<\/p>\n<p>A decis\u00e3o regional do partido s\u00f3 deve sair na conven\u00e7\u00e3o, marcada para o fim do m\u00eas, depois que o comando nacional realizar a sua, programada para 20 de julho. Um claro sinal de que Ciro Gomes e Carlos Lupi v\u00e3o interferir, de acordo com o interesse nacional.<\/p>\n","protected":false},"excerpt":{"rendered":"<p>ANA MARIA CAMPOS A executiva regional do PDT decidiu adiar a decis\u00e3o sobre os rumos do partido na pr\u00f3xima elei\u00e7\u00e3o. Estava marcada para hoje \u00e0 noite (03\/07) uma reuni\u00e3o que apontaria se o PDT lan\u00e7ar\u00e1 candidato pr\u00f3prio ao Pal\u00e1cio do Buriti. Mas o presidente nacional, Carlos Lupi, recomendou que a executiva espere um pouco mais. Segundo o presidente do PDT\/DF, [&hellip;]<\/p>\n","protected":false},"author":9,"featured_media":11496,"comment_status":"open","ping_status":"closed","sticky":false,"template":"","format":"standard","meta":{"footnotes":""},"categories":[234],"tags":[1314,266,267],"class_list":["post-11621","post","type-post","status-publish","format-standard","has-post-thumbnail","hentry","category-cb-poder","tag-ciro-gomes","tag-joe-valle","tag-pdt"],"_links":{"self":[{"href":"https:\/\/blogs.correiobraziliense.com.br\/cbpoder\/wp-json\/wp\/v2\/posts\/11621","targetHints":{"allow":["GET"]}}],"collection":[{"href":"https:\/\/blogs.correiobraziliense.com.br\/cbpoder\/wp-json\/wp\/v2\/posts"}],"about":[{"href":"https:\/\/blogs.correiobraziliense.com.br\/cbpoder\/wp-json\/wp\/v2\/types\/post"}],"author":[{"embeddable":true,"href":"https:\/\/blogs.correiobraziliense.com.br\/cbpoder\/wp-json\/wp\/v2\/users\/9"}],"replies":[{"embeddable":true,"href":"https:\/\/blogs.correiobraziliense.com.br\/cbpoder\/wp-json\/wp\/v2\/comments?post=11621"}],"version-history":[{"count":1,"href":"https:\/\/blogs.correiobraziliense.com.br\/cbpoder\/wp-json\/wp\/v2\/posts\/11621\/revisions"}],"predecessor-version":[{"id":11622,"href":"https:\/\/blogs.correiobraziliense.com.br\/cbpoder\/wp-json\/wp\/v2\/posts\/11621\/revisions\/11622"}],"wp:featuredmedia":[{"embeddable":true,"href":"https:\/\/blogs.correiobraziliense.com.br\/cbpoder\/wp-json\/wp\/v2\/media\/11496"}],"wp:attachment":[{"href":"https:\/\/blogs.correiobraziliense.com.br\/cbpoder\/wp-json\/wp\/v2\/media?parent=11621"}],"wp:term":[{"taxonomy":"category","embeddable":true,"href":"https:\/\/blogs.correiobraziliense.com.br\/cbpoder\/wp-json\/wp\/v2\/categories?post=11621"},{"taxonomy":"post_tag","embeddable":true,"href":"https:\/\/blogs.correiobraziliense.com.br\/cbpoder\/wp-json\/wp\/v2\/tags?post=11621"}],"curies":[{"name":"wp","href":"https:\/\/api.w.org\/{rel}","templated":true}]}}