{"id":11592,"date":"2018-06-28T20:58:59","date_gmt":"2018-06-28T23:58:59","guid":{"rendered":"https:\/\/blogs.correiobraziliense.com.br\/cbpoder\/?p=11592"},"modified":"2018-06-28T20:58:59","modified_gmt":"2018-06-28T23:58:59","slug":"pre-candidatos-ao-senado-debatem-sobre-barreiras-para-renovacao-politica","status":"publish","type":"post","link":"https:\/\/blogs.correiobraziliense.com.br\/cbpoder\/pre-candidatos-ao-senado-debatem-sobre-barreiras-para-renovacao-politica\/","title":{"rendered":"Pr\u00e9-candidatos ao Senado debatem sobre barreiras para a renova\u00e7\u00e3o pol\u00edtica"},"content":{"rendered":"<p><b>Alexandre de Paula <\/b><\/p>\n<p>&nbsp;<\/p>\n<p><span style=\"font-weight: 400\">As motiva\u00e7\u00f5es e as barreiras para a renova\u00e7\u00e3o na pol\u00edtica e a crise da universidade p\u00fablica foram alguns dos temas discutidos, hoje, por quatro pr\u00e9-candidatos ao Senado no debate \u201cA pol\u00edtica como voca\u00e7\u00e3o\u201d, na Universidade de Bras\u00edlia (UnB). O encontro, no audit\u00f3rio do Instituto de Ci\u00eancia Pol\u00edtica (Ipol), reuniu Leany Lemos (PSB), Marcelo Neves (PT), Marivaldo Pereira (PSol) e Paulo Roque (Novo), que nunca ocuparam cargos eletivos.<\/span><\/p>\n<p>&nbsp;<\/p>\n<blockquote><p><span style=\"font-weight: 400\">Mediado pela coordenadora de p\u00f3s-gradua\u00e7\u00e3o do Ipol, Rebecca Abers, o debate come\u00e7ou com a pergunta sobre o que levou os quatro pr\u00e9-candidatos a tentar disputar as elei\u00e7\u00f5es deste ano. A necessidade de mudan\u00e7a no quadro pol\u00edtico e a crise do pa\u00eds foram algumas das raz\u00f5es apontadas por eles, que tamb\u00e9m usaram boa parte do tempo para apresentar as suas trajet\u00f3rias.<\/span><\/p>\n<p>&nbsp;<\/p><\/blockquote>\n<p><span style=\"font-weight: 400\">Apesar da vontade de se apresentar como possibilidade de renova\u00e7\u00e3o dentro dos cargos eletivos, os pr\u00e9-candidatos destacaram as in\u00fameras dificuldades para a elei\u00e7\u00e3o de um novato, com estruturas que, segundo eles, beneficiam quem j\u00e1 tem mandato atualmente. Angariar recursos para as campanhas foi um dos empecilhos mencionados. \u201cExiste um desequil\u00edbrio muito grande. \u00c9 dif\u00edcil fazer frente aos nomes consolidados\u201d, observou Marivaldo. A dura\u00e7\u00e3o da campanha foi outra quest\u00e3o levantada. \u201cO tempo \u00e9 muito curto. Isso tamb\u00e9m favorece quem tem mandato. As pessoas votam em quem conhecem\u201d, disse Leany.<\/span><\/p>\n<p>&nbsp;<\/p>\n<p><span style=\"font-weight: 400\">A quest\u00e3o do financiamento eleitoral gerou embate entre dois pr\u00e9-candidatos. Paulo Roque defendeu que candidatos e partidos abrissem m\u00e3o dos fundos partid\u00e1rio e eleitoral. \u201cPor que n\u00e3o investir esse dinheiro em educa\u00e7\u00e3o? O pr\u00f3prio partido tem de cuidar dos recursos\u201d, apontou. Marcelo Neves rebateu. Para ele, limitar os gastos de campanha ao uso de recursos pr\u00f3prios traz ainda mais barreiras para a renova\u00e7\u00e3o. \u201cEu n\u00e3o tenho dinheiro. Se n\u00e3o tiver financiamento p\u00fablico, n\u00e3o posso ser candidato. Assim, fica parecendo que a pol\u00edtica deve ser s\u00f3 para ricos\u201d, concluiu.<\/span><\/p>\n<p>&nbsp;<\/p>\n<p><span style=\"font-weight: 400\">Os pr\u00e9-candidatos tamb\u00e9m divergiram sobre propostas e solu\u00e7\u00f5es para a crise das universidades p\u00fablicas, entre elas a UnB. Leany Lemos defendeu que \u00e9 preciso tratar a quest\u00e3o com responsabilidade fiscal. \u201cN\u00e3o adianta apenas dizer que a universidade precisa de mais recursos. \u00c9 preciso olhar a estrutura, pensar em qualidade de gastos\u201d, alertou. Para Marivaldo, a quest\u00e3o central \u00e9 saber eleger prioridades. \u201cO modelo de hoje decide cortar em favor dos mais ricos e deixar as bolsas estudantis, por exemplo, de lado. \u00c9 poss\u00edvel gerir pol\u00edticas p\u00fablicas em momentos de crise, reduzir custos e inovar sem prejudicar sempre os mais fr\u00e1geis\u201d, argumentou.<\/span><\/p>\n<p>&nbsp;<\/p>\n<p><span style=\"font-weight: 400\">A abertura das universidades para o financiamento de empresas e do mercado \u00e9 um dos caminhos para solu\u00e7\u00e3o da crise, segundo Paulo Roque: \u201cPor que a universidade tem tanto preconceito com as empresas? \u00c9 preciso abrir para o mercado, claro que, com regras e transpar\u00eancia, sem tirar a autonomia da institui\u00e7\u00e3o.\u201d Marcelo Neves criticou a aprova\u00e7\u00e3o da Emenda Constitucional n\u00ba 95, de 2016, que criou um teto para os gastos p\u00fablicos. \u201cEst\u00e3o tirando do aluno pobre. \u00c9 um regime antipovo e de sucateamento. \u00c9 preciso manter a universidade p\u00fablica com qualidade\u201d, ressaltou.<\/span><\/p>\n<p>&nbsp;<\/p>\n","protected":false},"excerpt":{"rendered":"<p>Alexandre de Paula &nbsp; As motiva\u00e7\u00f5es e as barreiras para a renova\u00e7\u00e3o na pol\u00edtica e a crise da universidade p\u00fablica foram alguns dos temas discutidos, hoje, por quatro pr\u00e9-candidatos ao Senado no debate \u201cA pol\u00edtica como voca\u00e7\u00e3o\u201d, na Universidade de Bras\u00edlia (UnB). O encontro, no audit\u00f3rio do Instituto de Ci\u00eancia Pol\u00edtica (Ipol), reuniu Leany Lemos (PSB), Marcelo Neves (PT), Marivaldo [&hellip;]<\/p>\n","protected":false},"author":90,"featured_media":11594,"comment_status":"open","ping_status":"closed","sticky":false,"template":"","format":"standard","meta":{"footnotes":""},"categories":[234],"tags":[807,1310,62,1034],"class_list":["post-11592","post","type-post","status-publish","format-standard","has-post-thumbnail","hentry","category-cb-poder","tag-eleicoes-2018","tag-renovacao-politica","tag-senado","tag-unb"],"_links":{"self":[{"href":"https:\/\/blogs.correiobraziliense.com.br\/cbpoder\/wp-json\/wp\/v2\/posts\/11592","targetHints":{"allow":["GET"]}}],"collection":[{"href":"https:\/\/blogs.correiobraziliense.com.br\/cbpoder\/wp-json\/wp\/v2\/posts"}],"about":[{"href":"https:\/\/blogs.correiobraziliense.com.br\/cbpoder\/wp-json\/wp\/v2\/types\/post"}],"author":[{"embeddable":true,"href":"https:\/\/blogs.correiobraziliense.com.br\/cbpoder\/wp-json\/wp\/v2\/users\/90"}],"replies":[{"embeddable":true,"href":"https:\/\/blogs.correiobraziliense.com.br\/cbpoder\/wp-json\/wp\/v2\/comments?post=11592"}],"version-history":[{"count":1,"href":"https:\/\/blogs.correiobraziliense.com.br\/cbpoder\/wp-json\/wp\/v2\/posts\/11592\/revisions"}],"predecessor-version":[{"id":11595,"href":"https:\/\/blogs.correiobraziliense.com.br\/cbpoder\/wp-json\/wp\/v2\/posts\/11592\/revisions\/11595"}],"wp:featuredmedia":[{"embeddable":true,"href":"https:\/\/blogs.correiobraziliense.com.br\/cbpoder\/wp-json\/wp\/v2\/media\/11594"}],"wp:attachment":[{"href":"https:\/\/blogs.correiobraziliense.com.br\/cbpoder\/wp-json\/wp\/v2\/media?parent=11592"}],"wp:term":[{"taxonomy":"category","embeddable":true,"href":"https:\/\/blogs.correiobraziliense.com.br\/cbpoder\/wp-json\/wp\/v2\/categories?post=11592"},{"taxonomy":"post_tag","embeddable":true,"href":"https:\/\/blogs.correiobraziliense.com.br\/cbpoder\/wp-json\/wp\/v2\/tags?post=11592"}],"curies":[{"name":"wp","href":"https:\/\/api.w.org\/{rel}","templated":true}]}}