{"id":11559,"date":"2018-06-27T21:53:31","date_gmt":"2018-06-28T00:53:31","guid":{"rendered":"https:\/\/blogs.correiobraziliense.com.br\/cbpoder\/?p=11559"},"modified":"2018-06-27T21:55:07","modified_gmt":"2018-06-28T00:55:07","slug":"em-investigacao-sobre-regalias-luiz-estevao-policia-vasculha-sindicato","status":"publish","type":"post","link":"https:\/\/blogs.correiobraziliense.com.br\/cbpoder\/em-investigacao-sobre-regalias-luiz-estevao-policia-vasculha-sindicato\/","title":{"rendered":"Em investiga\u00e7\u00e3o sobre regalias a Luiz Estev\u00e3o, Pol\u00edcia Civil vasculha sindicato"},"content":{"rendered":"<p><span style=\"font-weight: 400\">Em um desdobramento da Opera\u00e7\u00e3o Bastilha, que investiga a suposta concess\u00e3o de regalias ao ex-senador Luiz Estev\u00e3o, preso no Complexo Penitenci\u00e1rio da Papuda, policiais civis vasculharam, hoje, a sede do Sindicato dos Agentes Penitenci\u00e1rios do Distrito Federal (Sindpen). Por meio dos itens apreendidos, entre computadores e documentos, os investigadores verificar\u00e3o o poss\u00edvel envolvimento de profissionais da categoria com a permiss\u00e3o das benesses ao empres\u00e1rio. Pela segunda vez, a a\u00e7\u00e3o policial acontece na data de um jogo do Brasil na Copa do Mundo \u2014 h\u00e1\u00a010 dias, na estreia da Sele\u00e7\u00e3o Brasileira contra a Su\u00ed\u00e7a, os agentes realizaram a devassa no Centro de Deten\u00e7\u00e3o Provis\u00f3ria (CDP), onde est\u00e1 encarcerado Estev\u00e3o.<\/span><\/p>\n<p>&nbsp;<\/p>\n<p><span style=\"font-weight: 400\">Houve, ainda, cumprimento de mandados de busca e apreens\u00e3o em outros endere\u00e7os hoje. A reportagem buscou informa\u00e7\u00f5es adicionais junto \u00e0 assessoria do Tribunal de Justi\u00e7a do DF e dos Territ\u00f3rios (TJDFT), respons\u00e1vel pela autoriza\u00e7\u00e3o \u00e0s medidas, mas teve o pedido negado, pois o juiz da Vara de S\u00e3o Sebasti\u00e3o, Carlos Alberto Silva, decretou o sigilo do inqu\u00e9rito.<\/span><\/p>\n<p>&nbsp;<\/p>\n<blockquote><p><span style=\"font-weight: 400\">Em 17 de junho, investigadores encontraram, na sala de Luiz Estev\u00e3o, rem\u00e9dios, uma tesoura e pen-drives, que o senador cassado tentou descartar quando percebeu a movimenta\u00e7\u00e3o. A ideia \u00e9 descobrir se, para ter acesso ao conte\u00fado dos dispositivos, o empres\u00e1rio dispunha de um computador. Naquele dia, tamb\u00e9m chamou a aten\u00e7\u00e3o dos delegados a quantidade de documentos que ele guardava na biblioteca do Bloco 5. O local, segundo a Pol\u00edcia Civil, funcionava como uma esp\u00e9cie de escrit\u00f3rio pessoal. A a\u00e7\u00e3o aconteceu sob o comando da Divis\u00e3o de Repress\u00e3o a Fac\u00e7\u00f5es (Difac), ligada \u00e0 Coordena\u00e7\u00e3o de Combate ao Crime Organizado, aos Crimes contra a Administra\u00e7\u00e3o P\u00fablica e \u00e0 Ordem Tribut\u00e1ria (Cecor).<\/span><\/p>\n<p>&nbsp;<\/p><\/blockquote>\n<p><span style=\"font-weight: 400\">Devido \u00e0 suspeita de benesses ao empres\u00e1rio, a c\u00fapula do CDP caiu.\u00a0<a href=\"https:\/\/blogs.correiobraziliense.com.br\/cbpoder\/operacao-bastilha-regalias-a-luiz-estevao-derrubam-cupula-do-sistema-penitenciario\/\" target=\"_blank\">No d<\/a><a href=\"https:\/\/blogs.correiobraziliense.com.br\/cbpoder\/operacao-bastilha-regalias-a-luiz-estevao-derrubam-cupula-do-sistema-penitenciario\/\" target=\"_blank\">ia seguinte \u00e0 primeira a\u00e7\u00e3o da Opera\u00e7\u00e3o Bastilha, o governador Rodrigo Rollemberg (PSB) exonerou o subsecret\u00e1rio do Sistema Penitenci\u00e1rio, o delegado aposentado Osmar Mendon\u00e7a de Souza, e assumiu, no lugar dele, o delegado Celso Wagner de Lima<\/a>.<\/span><\/p>\n<p>&nbsp;<\/p>\n<p><span style=\"font-weight: 400\">Ao <strong>Correio<\/strong>, o presidente do Sindpen, Leandro Allan, afirmou que \u201cas suspeitas s\u00e3o vazias e infundadas\u201d. Para o comandante da categoria, \u201ca\u00e7\u00f5es como esta podem cercear a atua\u00e7\u00e3o dos profissionais em suas \u00e1reas de trabalho\u201d. \u201cO que n\u00e3o podemos aceitar \u00e9 o argumento de que o presidente do sindicato visitou um ex-senador. Vou a todos os locais que um agente penitenci\u00e1rio frequenta, pois represento uma categoria. No dia a que se referem, n\u00e3o fui ao CDP conversar com apenados. Cheguei ao local para tratar do semin\u00e1rio relacionado a uma PEC (Proposta de Emenda \u00e0 Constitui\u00e7\u00e3o) de interesse da categoria. Posteriormente, conheci o Bloco 5, porque, at\u00e9 ent\u00e3o, n\u00e3o t\u00ednhamos permiss\u00e3o\u201d, explicou. A Pol\u00edcia Civil do DF n\u00e3o deu detalhes sobre as suspeitas a que se refere Leandro Allan.<\/span><\/p>\n<p>&nbsp;<\/p>\n<h2><span style=\"font-weight: 400\">Outras\u00a0regalias a Luiz Estev\u00e3o<\/span><\/h2>\n<p>&nbsp;<\/p>\n<p><span style=\"font-weight: 400\">Essas n\u00e3o s\u00e3o as primeiras regalias concedidas a Luiz Estev\u00e3o sob investiga\u00e7\u00e3o. Diante da lentid\u00e3o do sistema em penalizar os acusados de benefici\u00e1-lo, as benesses ao preso ilustre se repetem h\u00e1 dois anos. Uma das acusa\u00e7\u00f5es surgiu em janeiro do ano passado, quando o ex-senador foi flagrado com produtos proibidos. Na ocasi\u00e3o, ele desacatou um diretor do pres\u00eddio ao ser questionado sobre a situa\u00e7\u00e3o. Entre os itens ilegais encontrados, estavam chocolate, cafeteira el\u00e9trica, c\u00e1psulas de caf\u00e9 e massa importada.<\/span><\/p>\n<p>&nbsp;<\/p>\n<p><span style=\"font-weight: 400\">Outro epis\u00f3dio, ainda mais antigo, tamb\u00e9m segue sem desfecho na esfera administrativa. Em agosto de 2016, Estev\u00e3o foi acusado pelo Minist\u00e9rio P\u00fablico do Distrito Federal de pagar pela reforma do Bloco 5 do CDP da Papuda, onde cumpre pena\u00a0de 26 anos por desvios na obra do Tribunal Regional do Trabalho em S\u00e3o Paulo. A defesa do empres\u00e1rio nega que ele disponha de quaisquer benef\u00edcios no pres\u00eddio.<\/span><\/p>\n","protected":false},"excerpt":{"rendered":"<p>Em um desdobramento da Opera\u00e7\u00e3o Bastilha, que investiga a suposta concess\u00e3o de regalias ao ex-senador Luiz Estev\u00e3o, preso no Complexo Penitenci\u00e1rio da Papuda, policiais civis vasculharam, hoje, a sede do Sindicato dos Agentes Penitenci\u00e1rios do Distrito Federal (Sindpen). Por meio dos itens apreendidos, entre computadores e documentos, os investigadores verificar\u00e3o o poss\u00edvel envolvimento de profissionais da categoria com a permiss\u00e3o [&hellip;]<\/p>\n","protected":false},"author":90,"featured_media":3383,"comment_status":"open","ping_status":"closed","sticky":false,"template":"","format":"standard","meta":{"footnotes":""},"categories":[234],"tags":[1305,1303,324,1304,1306],"class_list":["post-11559","post","type-post","status-publish","format-standard","has-post-thumbnail","hentry","category-cb-poder","tag-benesses","tag-complexo-penitenciario-da-papuda","tag-luiz-estevao","tag-regalias","tag-sindicato-dos-agentes-penitenciarios"],"_links":{"self":[{"href":"https:\/\/blogs.correiobraziliense.com.br\/cbpoder\/wp-json\/wp\/v2\/posts\/11559","targetHints":{"allow":["GET"]}}],"collection":[{"href":"https:\/\/blogs.correiobraziliense.com.br\/cbpoder\/wp-json\/wp\/v2\/posts"}],"about":[{"href":"https:\/\/blogs.correiobraziliense.com.br\/cbpoder\/wp-json\/wp\/v2\/types\/post"}],"author":[{"embeddable":true,"href":"https:\/\/blogs.correiobraziliense.com.br\/cbpoder\/wp-json\/wp\/v2\/users\/90"}],"replies":[{"embeddable":true,"href":"https:\/\/blogs.correiobraziliense.com.br\/cbpoder\/wp-json\/wp\/v2\/comments?post=11559"}],"version-history":[{"count":6,"href":"https:\/\/blogs.correiobraziliense.com.br\/cbpoder\/wp-json\/wp\/v2\/posts\/11559\/revisions"}],"predecessor-version":[{"id":11565,"href":"https:\/\/blogs.correiobraziliense.com.br\/cbpoder\/wp-json\/wp\/v2\/posts\/11559\/revisions\/11565"}],"wp:featuredmedia":[{"embeddable":true,"href":"https:\/\/blogs.correiobraziliense.com.br\/cbpoder\/wp-json\/wp\/v2\/media\/3383"}],"wp:attachment":[{"href":"https:\/\/blogs.correiobraziliense.com.br\/cbpoder\/wp-json\/wp\/v2\/media?parent=11559"}],"wp:term":[{"taxonomy":"category","embeddable":true,"href":"https:\/\/blogs.correiobraziliense.com.br\/cbpoder\/wp-json\/wp\/v2\/categories?post=11559"},{"taxonomy":"post_tag","embeddable":true,"href":"https:\/\/blogs.correiobraziliense.com.br\/cbpoder\/wp-json\/wp\/v2\/tags?post=11559"}],"curies":[{"name":"wp","href":"https:\/\/api.w.org\/{rel}","templated":true}]}}