{"id":11556,"date":"2018-06-24T10:54:40","date_gmt":"2018-06-24T13:54:40","guid":{"rendered":"https:\/\/blogs.correiobraziliense.com.br\/cbpoder\/?p=11556"},"modified":"2018-06-24T10:54:40","modified_gmt":"2018-06-24T13:54:40","slug":"poder-economico-justifica-cela-exclusiva-para-dirceu-e-estevao-diz-secretario-de-seguranca","status":"publish","type":"post","link":"https:\/\/blogs.correiobraziliense.com.br\/cbpoder\/poder-economico-justifica-cela-exclusiva-para-dirceu-e-estevao-diz-secretario-de-seguranca\/","title":{"rendered":"Poder econ\u00f4mico justifica cela exclusiva para Dirceu e Estev\u00e3o, diz secret\u00e1rio de Seguran\u00e7a"},"content":{"rendered":"<p>ANA MARIA CAMPOS<\/p>\n<p>Na semana passada, quatro dias depois da deflagra\u00e7\u00e3o da Opera\u00e7\u00e3o Bastilha, no Centro de Deten\u00e7\u00e3o Provis\u00f3ria (CDP), o secret\u00e1rio de Seguran\u00e7a P\u00fablica e Paz Social, Cristiano Barbosa, fez uma reuni\u00e3o com a dire\u00e7\u00e3o da Pol\u00edcia Civil e com delegados respons\u00e1veis pela investiga\u00e7\u00e3o para avaliar o cen\u00e1rio e o cumprimento dos mandados de busca e apreens\u00e3o autorizados pela Justi\u00e7a.<\/p>\n<p>Barbosa reclamou de a Subsecretaria do Sistema Penitenci\u00e1rio (Sesipe) n\u00e3o ter sido comunicada previamente da opera\u00e7\u00e3o pela Pol\u00edcia Civil e considerou que o isolamento de Jos\u00e9 Dirceu e Luiz Estev\u00e3o numa cela, sem a companhia de outros internos, \u00e9 correta, enquanto em outras \u00e1reas do mesmo bloco, h\u00e1 mais de 10 presos juntos, inclusive idosos. \u201cN\u00e3o existe nenhuma d\u00favida de que pelo poderio econ\u00f4mico desses atores que est\u00e3o a\u00ed referidos, se eles estiverem numa condi\u00e7\u00e3o absolutamente exposta, se eles n\u00e3o tiverem uma separa\u00e7\u00e3o, se n\u00e3o tiverem um controle, a gente pode ter problema\u201d, afirma o secret\u00e1rio.<\/p>\n<p>Quanto a regalias, ele garante que, se houver envolvimento de servidores, eles ser\u00e3o responsabilizados.<\/p>\n<p><strong>Luiz Estev\u00e3o manda no sistema penitenci\u00e1rio?<\/strong><br \/>\nN\u00e3o. Quem manda no sistema \u00e9 o Estado, pela Secretaria de Seguran\u00e7a P\u00fablica, pela Subsecretaria do Sistema Penitenci\u00e1rio e por interm\u00e9dio dos servidores que trabalham l\u00e1. Tamb\u00e9m foi esclarecido que n\u00e3o existe nenhuma suspeita de envolvimento do Dr. Osmar (Mendon\u00e7a de Souza) que era o subsecret\u00e1rio (do Sistema Penitenci\u00e1rios), com os fatos apurados no inqu\u00e9rito.<\/p>\n<p><strong>Ent\u00e3o, a demiss\u00e3o dele, no seu entendimento, foi exagerada?<\/strong><br \/>\nTemos que pensar nisso com muita calma. Ele saiu porque do jeito que aconteceu e foram executados os mandados de busca ele ficou movido por um sentimento de indigna\u00e7\u00e3o porque n\u00e3o foi previamente comunicado. A coisa aconteceu sem um ajuste, sem que fossem viabilizados os acessos comuns como costuma ser feito e ele ficou indignado com o processo. A indigna\u00e7\u00e3o dele o levou a fazer uma defesa talvez exagerada do sistema e dos servidores com um \u00e2nimo um pouco mais exaltado, e a cautela recomenda nesses casos que a gente tenha muita tranquilidade e que com essa tranquilidade possa dar prosseguimento \u00e0 apura\u00e7\u00e3o.<\/p>\n<p><strong>Mas se existe uma investiga\u00e7\u00e3o da Pol\u00edcia Civil sobre privil\u00e9gios dentro do sistema penitenci\u00e1rio, se imagina que, se isso ocorre, algu\u00e9m permite. Isso levanta uma suspeita de que agentes penitenci\u00e1rios ou algu\u00e9m de dentro do pres\u00eddio permita. Se a gente vai por essa conclus\u00e3o, seria correto avisar o subsecret\u00e1rio de uma opera\u00e7\u00e3o como essa?<\/strong><br \/>\nDiria que seria correta, recomend\u00e1vel, exceto se sobre ele recair alguma suspeita. Digo isso porque a gente trabalha com institui\u00e7\u00f5es. A pr\u00f3pria Pol\u00edcia Federal tem isso escrito em seu manual de opera\u00e7\u00f5es. Eu ajudei a escrever isso. A gente tem sempre uma preocupa\u00e7\u00e3o muito grande em investigar as pessoas, responsabilizar as pessoas, mas preservar as institui\u00e7\u00f5es. Se algu\u00e9m est\u00e1 cometendo crimes na institui\u00e7\u00e3o, tem que ser responsabilizado. Mas a institui\u00e7\u00e3o precisa ser preservada porque ela existe para preservar o sistema, o Estado.<\/p>\n<p><strong>Pelo que se constatou at\u00e9 agora o senhor concorda que existem regalias na cela do ex-senador Luiz Estev\u00e3o?<\/strong><br \/>\nEu seria um pouco cauteloso em afirmar que existem regalias. Quando a gente fala em regalias, parte-se da presun\u00e7\u00e3o de que algu\u00e9m est\u00e1 permitindo isso e n\u00e3o h\u00e1 controle do sistema. Isso precisa ser investigado. Se ficar comprovado que existe participa\u00e7\u00e3o de servidores, eles ser\u00e3o responsabilizados.<\/p>\n<p><strong>Uma coisa que chama muito a aten\u00e7\u00e3o de todo mundo \u00e9 que Luiz Estev\u00e3o e Jos\u00e9 Dirceu estejam sozinhos numa cela, enquanto outros v\u00e1rios internos dividem celas. Nove pessoas ou at\u00e9 mais\u2026 O que levou a esse isolamento dos dois?<\/strong><br \/>\nExiste uma m\u00e1xima que \u00e9 constitucional, inclusive, que \u00e9 tratar os iguais de maneira igual e os desiguais de maneira desigual na medida da sua desigualdade. Isso justifica a exist\u00eancia da pr\u00f3pria \u00e1rea de vulner\u00e1veis. Ent\u00e3o, se h\u00e1 uma \u00e1rea de vulner\u00e1veis, \u00e9 porque voc\u00ea precisa separar as pessoas da massa carcer\u00e1ria. Entre essas pessoas que est\u00e3o na \u00e1rea de vulner\u00e1veis, voc\u00ea tamb\u00e9m pode precisar separar umas das outras. N\u00e3o existe nenhuma d\u00favida de que, pelo poderio econ\u00f4mico desses atores que est\u00e3o a\u00ed referidos, se eles estiverem numa condi\u00e7\u00e3o absolutamente exposta, se eles n\u00e3o tiverem uma separa\u00e7\u00e3o, se n\u00e3o tiverem um controle, a gente pode ter problema. Mesmo sendo uma \u00e1rea de vulner\u00e1veis, voc\u00ea tem ali homicidas, latrocidas, traficantes de drogas, mesmo sendo pessoas na sua maioria idosas. Ent\u00e3o, s\u00e3o n\u00edveis de periculosidades diferentes que exigem uma demanda.<\/p>\n<p><strong>Mas se a gente pensa em poder pol\u00edtico e econ\u00f4mico, o ex-ministro Geddel Vieira Lima tamb\u00e9m estaria na mesma situa\u00e7\u00e3o dos outros dois&#8230;Ele est\u00e1 numa cela com mais de 10 pessoas&#8230;<\/strong><br \/>\nTem uma diferen\u00e7a. Tem algumas pessoas cumprindo pena, ent\u00e3o j\u00e1 \u00e9 cumprimento de pena, e a pris\u00e3o do outro (Geddel) \u00e9 provis\u00f3ria. Ent\u00e3o, s\u00e3o duas fases diferentes e a gente precisa separar os regimes. Por isso, existem separa\u00e7\u00f5es.<\/p>\n<p><strong>Ent\u00e3o, essa situa\u00e7\u00e3o estava autorizada pela Sesipe?<\/strong><br \/>\nEstava autorizada pela Sesipe e pela Vara de Execu\u00e7\u00f5es Penais, a partir de uma avalia\u00e7\u00e3o objetiva sobre o caso.<\/p>\n<p><strong>E essa situa\u00e7\u00e3o que tamb\u00e9m foi encontrada de que Luiz Estev\u00e3o tinha v\u00e1rios documentos na biblioteca e que ficou constatado que era como um escrit\u00f3rio pessoal dele. Como o senhor v\u00ea isso?<\/strong><br \/>\nAlguns documentos t\u00eam a entrada autorizada. Existe autoriza\u00e7\u00e3o para que ele tenha acesso a documentos sobre processos aos quais ele responde. Ent\u00e3o, muitos dos processos que estavam l\u00e1 dizem respeito a c\u00f3pias de a\u00e7\u00f5es penais que ele responde. E existem c\u00f3pias de outros processos que envolvem n\u00e3o apenas pessoas f\u00edsicas, mas tamb\u00e9m pessoas jur\u00eddicas que ele represente ou fa\u00e7a parte. Ent\u00e3o, esse detalhe da investiga\u00e7\u00e3o eu n\u00e3o tenho (porque est\u00e1 sob sigilo). \u00c9 poss\u00edvel, sim, que tenham entrado ali documentos que n\u00e3o tenham sido autorizados. Se isso ficar comprovado, as pessoas ser\u00e3o responsabilizadas.<\/p>\n<p><strong>E em rela\u00e7\u00e3o aos pen-drives que ele tentou descartar? Existe autoriza\u00e7\u00e3o para um interno portar esse tipo de dispositivo?<\/strong><br \/>\nN\u00e3o. \u00c9 vedado. \u00c9 proibido e isso indiscutivelmente \u00e9 um erro na condu\u00e7\u00e3o do processo e o que a gente precisa apurar \u00e9 como se deu a entrada desses pen-drives. Se foi por facilita\u00e7\u00e3o dos servidores, se foi levado por algum visitante ou levado por algum preso. O fato \u00e9 que ele n\u00e3o poderia estar com os pen-drives. Esse \u00e9 um item proibido e haver\u00e1 apura\u00e7\u00e3o e responsabiliza\u00e7\u00e3o. Tanto por parte dos servidores, se ficar comprovado, como por parte dele, como interno que tem regras a seguir.<\/p>\n<p><strong>J\u00e1 h\u00e1 evid\u00eancias claras de que os pen-drives eram dele mesmo?<\/strong><br \/>\nSim. O que a gente percebe \u00e9 que ele portava os pen-drives, segurava os pen-drives na hora da apreens\u00e3o. N\u00e3o h\u00e1 d\u00favidas de que os pen-drives perten\u00e7am a ele.<\/p>\n<p><strong>E aquela anota\u00e7\u00e3o de Jos\u00e9 Dirceu de que teria de consultar Luiz Estev\u00e3o sobre a visita? Isso n\u00e3o chamou a aten\u00e7\u00e3o de que talvez Estev\u00e3o esteja facilitando a entrada de pessoas no pres\u00eddio?<\/strong><br \/>\nEsse \u00e9 outro ponto. Isso n\u00e3o me foi esclarecido porque isso \u00e9 a parte da investiga\u00e7\u00e3o que permaneceu sob sigilo. \u00c9 algo que est\u00e1 sendo apurado. Se ficar evidenciado que ele tinha qualquer capacidade de fazer isso, que ele corrompeu um servidor e conseguia facilita\u00e7\u00e3o quanto a isso, vamos responsabilizar severamente quem tinha responsabilidade quanto a isso.<\/p>\n","protected":false},"excerpt":{"rendered":"<p>ANA MARIA CAMPOS Na semana passada, quatro dias depois da deflagra\u00e7\u00e3o da Opera\u00e7\u00e3o Bastilha, no Centro de Deten\u00e7\u00e3o Provis\u00f3ria (CDP), o secret\u00e1rio de Seguran\u00e7a P\u00fablica e Paz Social, Cristiano Barbosa, fez uma reuni\u00e3o com a dire\u00e7\u00e3o da Pol\u00edcia Civil e com delegados respons\u00e1veis pela investiga\u00e7\u00e3o para avaliar o cen\u00e1rio e o cumprimento dos mandados de busca e apreens\u00e3o autorizados pela [&hellip;]<\/p>\n","protected":false},"author":9,"featured_media":10747,"comment_status":"open","ping_status":"closed","sticky":false,"template":"","format":"standard","meta":{"footnotes":""},"categories":[234],"tags":[1302,726,324,1294,1301],"class_list":["post-11556","post","type-post","status-publish","format-standard","has-post-thumbnail","hentry","category-cb-poder","tag-cristiano-barbosa","tag-jose-dirceu","tag-luiz-estevao","tag-operacao-bastilha","tag-secretario-de-seguranca-publica-do-df"],"_links":{"self":[{"href":"https:\/\/blogs.correiobraziliense.com.br\/cbpoder\/wp-json\/wp\/v2\/posts\/11556","targetHints":{"allow":["GET"]}}],"collection":[{"href":"https:\/\/blogs.correiobraziliense.com.br\/cbpoder\/wp-json\/wp\/v2\/posts"}],"about":[{"href":"https:\/\/blogs.correiobraziliense.com.br\/cbpoder\/wp-json\/wp\/v2\/types\/post"}],"author":[{"embeddable":true,"href":"https:\/\/blogs.correiobraziliense.com.br\/cbpoder\/wp-json\/wp\/v2\/users\/9"}],"replies":[{"embeddable":true,"href":"https:\/\/blogs.correiobraziliense.com.br\/cbpoder\/wp-json\/wp\/v2\/comments?post=11556"}],"version-history":[{"count":1,"href":"https:\/\/blogs.correiobraziliense.com.br\/cbpoder\/wp-json\/wp\/v2\/posts\/11556\/revisions"}],"predecessor-version":[{"id":11557,"href":"https:\/\/blogs.correiobraziliense.com.br\/cbpoder\/wp-json\/wp\/v2\/posts\/11556\/revisions\/11557"}],"wp:attachment":[{"href":"https:\/\/blogs.correiobraziliense.com.br\/cbpoder\/wp-json\/wp\/v2\/media?parent=11556"}],"wp:term":[{"taxonomy":"category","embeddable":true,"href":"https:\/\/blogs.correiobraziliense.com.br\/cbpoder\/wp-json\/wp\/v2\/categories?post=11556"},{"taxonomy":"post_tag","embeddable":true,"href":"https:\/\/blogs.correiobraziliense.com.br\/cbpoder\/wp-json\/wp\/v2\/tags?post=11556"}],"curies":[{"name":"wp","href":"https:\/\/api.w.org\/{rel}","templated":true}]}}