{"id":11536,"date":"2018-06-19T16:13:49","date_gmt":"2018-06-19T19:13:49","guid":{"rendered":"https:\/\/blogs.correiobraziliense.com.br\/cbpoder\/?p=11536"},"modified":"2018-06-19T19:37:33","modified_gmt":"2018-06-19T22:37:33","slug":"alirio-neto-e-eliana-pedrosa-firmam-alianca-para-a-disputa-ao-gdf","status":"publish","type":"post","link":"https:\/\/blogs.correiobraziliense.com.br\/cbpoder\/alirio-neto-e-eliana-pedrosa-firmam-alianca-para-a-disputa-ao-gdf\/","title":{"rendered":"Al\u00edrio Neto e Eliana Pedrosa firmam alian\u00e7a para disputa ao GDF"},"content":{"rendered":"<p>Ap\u00f3s idas e vindas com diversos grupos pol\u00edticos, o ex-presidente da C\u00e2mara Legislativa Al\u00edrio Neto (PTB) e a ex-distrital Eliana Pedrosa (Pros) fecharam acordo, nesta ter\u00e7a-feira (19\/06), para unir os partidos na disputa por cargos majorit\u00e1rios. Conforme o acerto, um deles concorrer\u00e1 ao Pal\u00e1cio do Buriti e o outro ocupar\u00e1 o cargo de vice-governador. Segundo o petebista, a forma\u00e7\u00e3o completa da chapa deve ser divulgada nos pr\u00f3ximos dez dias.<\/p>\n<p>&nbsp;<\/p>\n<p><span style=\"font-weight: 400\">Ex-distrital, Al\u00edrio rompeu h\u00e1 cerca de um m\u00eas com o grupo articulado pelo senador Cristovam Buarque (PPS), formado, ainda, por outros oito partidos. Dias depois, a coaliz\u00e3o anunciou o nome de Izalci Lucas (PSDB) ao GDF. Devido aos desgastes jur\u00eddicos e partid\u00e1rios do tucano, entretanto, a chapa pode ruir. <\/span><\/p>\n<p>&nbsp;<\/p>\n<blockquote><p><span style=\"font-weight: 400\">Depois do rompimento, Al\u00edrio buscou novas op\u00e7\u00f5es e se aproximou de Eliana Pedrosa. A pr\u00e9-candidata ao Executivo local conta com o apoio da fam\u00edlia Roriz. A esposa do ex-governador, Weslian Roriz, inclusive \u00e9 cotada para preencher uma das vagas ao Senado. Al\u00edrio e Eliana est\u00e3o sem mandato h\u00e1 quatro anos <\/span><span style=\"font-weight: 400\">\u2014 ambos concorreram a uma cadeira na C\u00e2mara dos Deputados em 2014, mas n\u00e3o foram eleitos.<\/span><\/p><\/blockquote>\n<p>&nbsp;<\/p>\n<p><span style=\"font-weight: 400\">Para o petebista, o desejo comum dos dois em disputar o Pal\u00e1cio do Buriti n\u00e3o deve interferir na efetiva\u00e7\u00e3o da alian\u00e7a. \u201cLan\u00e7amos o comunicado porque existe a garantia de que um de n\u00f3s abrir\u00e1 m\u00e3o da cabe\u00e7a de chapa para aquele que detiver melhores condi\u00e7\u00f5es. \u00c9 uma uni\u00e3o de coer\u00eancia\u201d, garantiu.<\/span><\/p>\n<p>&nbsp;<\/p>\n<p><span style=\"font-weight: 400\">A oficializa\u00e7\u00e3o da uni\u00e3o consta em nota divulgada no in\u00edcio desta tarde. \u201cO Partido Trabalhista Brasileiro do Distrito Federal (PTB-DF) e o Partido Republicano da Ordem Social do Distrito Federal (PROS-DF) comunicam que foi firmado, nesta ter\u00e7a-feira (19), um protocolo de inten\u00e7\u00f5es para a efetiva\u00e7\u00e3o de uma coliga\u00e7\u00e3o majorit\u00e1ria no \u00e2mbito do Distrito Federal\u201d, diz o texto. \u00a0<\/span><\/p>\n","protected":false},"excerpt":{"rendered":"<p>Ap\u00f3s idas e vindas com diversos grupos pol\u00edticos, o ex-presidente da C\u00e2mara Legislativa Al\u00edrio Neto (PTB) e a ex-distrital Eliana Pedrosa (Pros) fecharam acordo, nesta ter\u00e7a-feira (19\/06), para unir os partidos na disputa por cargos majorit\u00e1rios. Conforme o acerto, um deles concorrer\u00e1 ao Pal\u00e1cio do Buriti e o outro ocupar\u00e1 o cargo de vice-governador. Segundo o petebista, a forma\u00e7\u00e3o completa [&hellip;]<\/p>\n","protected":false},"author":90,"featured_media":11537,"comment_status":"open","ping_status":"closed","sticky":false,"template":"","format":"standard","meta":{"footnotes":""},"categories":[234],"tags":[807,1215,1296],"class_list":["post-11536","post","type-post","status-publish","format-standard","has-post-thumbnail","hentry","category-cb-poder","tag-eleicoes-2018","tag-eliana-pedrosa","tag-familia-roriz"],"_links":{"self":[{"href":"https:\/\/blogs.correiobraziliense.com.br\/cbpoder\/wp-json\/wp\/v2\/posts\/11536","targetHints":{"allow":["GET"]}}],"collection":[{"href":"https:\/\/blogs.correiobraziliense.com.br\/cbpoder\/wp-json\/wp\/v2\/posts"}],"about":[{"href":"https:\/\/blogs.correiobraziliense.com.br\/cbpoder\/wp-json\/wp\/v2\/types\/post"}],"author":[{"embeddable":true,"href":"https:\/\/blogs.correiobraziliense.com.br\/cbpoder\/wp-json\/wp\/v2\/users\/90"}],"replies":[{"embeddable":true,"href":"https:\/\/blogs.correiobraziliense.com.br\/cbpoder\/wp-json\/wp\/v2\/comments?post=11536"}],"version-history":[{"count":4,"href":"https:\/\/blogs.correiobraziliense.com.br\/cbpoder\/wp-json\/wp\/v2\/posts\/11536\/revisions"}],"predecessor-version":[{"id":11544,"href":"https:\/\/blogs.correiobraziliense.com.br\/cbpoder\/wp-json\/wp\/v2\/posts\/11536\/revisions\/11544"}],"wp:featuredmedia":[{"embeddable":true,"href":"https:\/\/blogs.correiobraziliense.com.br\/cbpoder\/wp-json\/wp\/v2\/media\/11537"}],"wp:attachment":[{"href":"https:\/\/blogs.correiobraziliense.com.br\/cbpoder\/wp-json\/wp\/v2\/media?parent=11536"}],"wp:term":[{"taxonomy":"category","embeddable":true,"href":"https:\/\/blogs.correiobraziliense.com.br\/cbpoder\/wp-json\/wp\/v2\/categories?post=11536"},{"taxonomy":"post_tag","embeddable":true,"href":"https:\/\/blogs.correiobraziliense.com.br\/cbpoder\/wp-json\/wp\/v2\/tags?post=11536"}],"curies":[{"name":"wp","href":"https:\/\/api.w.org\/{rel}","templated":true}]}}