{"id":11527,"date":"2018-06-18T19:21:47","date_gmt":"2018-06-18T22:21:47","guid":{"rendered":"https:\/\/blogs.correiobraziliense.com.br\/cbpoder\/?p=11527"},"modified":"2018-06-18T19:51:57","modified_gmt":"2018-06-18T22:51:57","slug":"operacao-bastilha-regalias-a-luiz-estevao-derrubam-cupula-do-sistema-penitenciario","status":"publish","type":"post","link":"https:\/\/blogs.correiobraziliense.com.br\/cbpoder\/operacao-bastilha-regalias-a-luiz-estevao-derrubam-cupula-do-sistema-penitenciario\/","title":{"rendered":"Opera\u00e7\u00e3o Bastilha: regalias de Luiz Estev\u00e3o derrubam c\u00fapula do sistema penitenci\u00e1rio"},"content":{"rendered":"<p>ANA MARIA CAMPOS<\/p>\n<p>As regalias de Luiz Estev\u00e3o detectadas por policiais civis da Divis\u00e3o de Repress\u00e3o a Fac\u00e7\u00f5es (Difac) provocaram a queda da c\u00fapula do sistema penitenci\u00e1rio do Distrito Federal. O governador Rodrigo Rollemberg (PSB) decidiu nesta tarde (18\/06) exonerar o subsecret\u00e1rio do Sistema Penitenci\u00e1rio, o delegado aposentado Osmar Mendon\u00e7a de Souza, e o diretor do Centro de Deten\u00e7\u00e3o Provis\u00f3ria (CDP), Jos\u00e9 Mundim J\u00fanior. Por enquanto, assumem os adjuntos, at\u00e9 que o governo defina os substitutos definitivos.<\/p>\n<p>Na Opera\u00e7\u00e3o Bastilha, realizada ontem (17\/06), durante a partida da sele\u00e7\u00e3o brasileira com a Su\u00ed\u00e7a, policiais civis cumpriram mandados de busca e apreens\u00e3o nas celas do ex-senador Luiz Estev\u00e3o e do ex-ministro do governo Temer Geddel Vieira Lima.<\/p>\n<p>Durante a busca, Luiz Estev\u00e3o tentou descartar cinco pen-drives que foram apreendidos pelos policiais. Chamou a aten\u00e7\u00e3o dos delegados a quantidade de documentos de Estev\u00e3o na biblioteca do bloco 5 onde ele cumpre pena de 26 anos de pris\u00e3o. O local, segundo a Pol\u00edcia Civil, funciona como um escrit\u00f3rio pessoal do empres\u00e1rio.<\/p>\n<p>O delegado Thiago Boeing, chefe da Difac, disse que Estev\u00e3o mandava no bloco 5 do CDP. O poder era t\u00e3o grande que o ex-ministro Jos\u00e9 Dirceu, companheiro de cela de Estev\u00e3o, fez uma anota\u00e7\u00e3o em que registrou que deveria pedir ajuda ao ex-senador para receber no pres\u00eddio a visita de uma menor. Os dois ocupam uma cela ampla, enquanto outros detentos, como Geddel, dividem um ambiente com outros nove internos.<\/p>\n<p>A investiga\u00e7\u00e3o foi conduzida pela Difac, ligada \u00e0 Coordena\u00e7\u00e3o de Combate ao Crime Organizado, aos Crimes contra a Administra\u00e7\u00e3o P\u00fablica e \u00e0 Ordem Tribut\u00e1ria (CECOR), acompanhada pelos promotores de Justi\u00e7a do\u00a0N\u00facleo de Controle e Fiscaliza\u00e7\u00e3o do Sistema Prisional (Nupri).<\/p>\n<p>Em nota, a Secretaria de Seguran\u00e7a P\u00fablica e Paz Social informa que o subsecret\u00e1rio e o diretor do CDP foram afastados. Mas, a decis\u00e3o do governador Rodrigo Rollemberg (PSB) \u00e9 pela exonera\u00e7\u00e3o dos dois.<\/p>\n","protected":false},"excerpt":{"rendered":"<p>ANA MARIA CAMPOS As regalias de Luiz Estev\u00e3o detectadas por policiais civis da Divis\u00e3o de Repress\u00e3o a Fac\u00e7\u00f5es (Difac) provocaram a queda da c\u00fapula do sistema penitenci\u00e1rio do Distrito Federal. O governador Rodrigo Rollemberg (PSB) decidiu nesta tarde (18\/06) exonerar o subsecret\u00e1rio do Sistema Penitenci\u00e1rio, o delegado aposentado Osmar Mendon\u00e7a de Souza, e o diretor do Centro de Deten\u00e7\u00e3o Provis\u00f3ria [&hellip;]<\/p>\n","protected":false},"author":9,"featured_media":7286,"comment_status":"open","ping_status":"closed","sticky":false,"template":"","format":"standard","meta":{"footnotes":""},"categories":[234],"tags":[1295,726,324,1294,643],"class_list":["post-11527","post","type-post","status-publish","format-standard","has-post-thumbnail","hentry","category-cb-poder","tag-cdp","tag-jose-dirceu","tag-luiz-estevao","tag-operacao-bastilha","tag-sesipe"],"_links":{"self":[{"href":"https:\/\/blogs.correiobraziliense.com.br\/cbpoder\/wp-json\/wp\/v2\/posts\/11527","targetHints":{"allow":["GET"]}}],"collection":[{"href":"https:\/\/blogs.correiobraziliense.com.br\/cbpoder\/wp-json\/wp\/v2\/posts"}],"about":[{"href":"https:\/\/blogs.correiobraziliense.com.br\/cbpoder\/wp-json\/wp\/v2\/types\/post"}],"author":[{"embeddable":true,"href":"https:\/\/blogs.correiobraziliense.com.br\/cbpoder\/wp-json\/wp\/v2\/users\/9"}],"replies":[{"embeddable":true,"href":"https:\/\/blogs.correiobraziliense.com.br\/cbpoder\/wp-json\/wp\/v2\/comments?post=11527"}],"version-history":[{"count":8,"href":"https:\/\/blogs.correiobraziliense.com.br\/cbpoder\/wp-json\/wp\/v2\/posts\/11527\/revisions"}],"predecessor-version":[{"id":11535,"href":"https:\/\/blogs.correiobraziliense.com.br\/cbpoder\/wp-json\/wp\/v2\/posts\/11527\/revisions\/11535"}],"wp:featuredmedia":[{"embeddable":true,"href":"https:\/\/blogs.correiobraziliense.com.br\/cbpoder\/wp-json\/wp\/v2\/media\/7286"}],"wp:attachment":[{"href":"https:\/\/blogs.correiobraziliense.com.br\/cbpoder\/wp-json\/wp\/v2\/media?parent=11527"}],"wp:term":[{"taxonomy":"category","embeddable":true,"href":"https:\/\/blogs.correiobraziliense.com.br\/cbpoder\/wp-json\/wp\/v2\/categories?post=11527"},{"taxonomy":"post_tag","embeddable":true,"href":"https:\/\/blogs.correiobraziliense.com.br\/cbpoder\/wp-json\/wp\/v2\/tags?post=11527"}],"curies":[{"name":"wp","href":"https:\/\/api.w.org\/{rel}","templated":true}]}}