{"id":11468,"date":"2018-05-24T20:35:58","date_gmt":"2018-05-24T23:35:58","guid":{"rendered":"https:\/\/blogs.correiobraziliense.com.br\/cbpoder\/?p=11468"},"modified":"2018-05-24T20:35:58","modified_gmt":"2018-05-24T23:35:58","slug":"deputado-ronaldo-fonseca-vai-assumir-ministerio-do-governo-temer","status":"publish","type":"post","link":"https:\/\/blogs.correiobraziliense.com.br\/cbpoder\/deputado-ronaldo-fonseca-vai-assumir-ministerio-do-governo-temer\/","title":{"rendered":"Deputado Ronaldo Fonseca vai assumir minist\u00e9rio do governo Temer"},"content":{"rendered":"<p>ANA MARIA CAMPOS<\/p>\n<p>O deputado federal Ronaldo Fonseca (Podemos\/DF) aceitou convite para assumir o cargo de ministro da Secretaria-geral da Presid\u00eancia da Rep\u00fablica. A posse ocorrer\u00e1 na pr\u00f3xima segunda-feira (28\/05), \u00e0s 16 horas no Pal\u00e1cio do Planalto. A vaga estava aberta desde que Moreira Franco deixou a pasta para assumir o minist\u00e9rio de Minas e Energia.&#8221;J\u00e1 pedi a minha desfilia\u00e7\u00e3o do Podemos. Sempre disse que n\u00e3o concorreria a nenhum mandato nesta elei\u00e7\u00e3o&#8221;, disse Fonseca ao <strong>Correio<\/strong>.<\/p>\n<p>Ronaldo Fonseca chega ao n\u00facleo central do governo Temer em momento de grande turbul\u00eancia com a greve dos caminhoneiros. Mas aposta numa solu\u00e7\u00e3o r\u00e1pida. &#8220;Acredito que o presidente Temer encontrar\u00e1 um caminho para encerrar essa crise&#8221;, disse, com otimismo.<\/p>\n<p>O ingresso de Fonseca no governo Temer n\u00e3o compromete a pr\u00e9-candidatura do senador \u00c1lvaro Dias (Podemos\/PR) \u00e0 Presid\u00eancia da Rep\u00fablica porque o parlamentar deixou o partido.<\/p>\n<p>De base evang\u00e9lica, o deputado chegou a ser cotado para disputar um mandato de senador ou at\u00e9 mesmo de vice na chapa de Rodrigo Rollemberg (PSB), com quem vinha conversando. Mas agora estar\u00e1 fora da disputa eleitoral.<\/p>\n<p>Com a licen\u00e7a de Ronaldo Fonseca, assume o mandato o suplente V\u00edtor Paulo, do PRB, ligado \u00e0 Igreja Universal.<\/p>\n","protected":false},"excerpt":{"rendered":"<p>ANA MARIA CAMPOS O deputado federal Ronaldo Fonseca (Podemos\/DF) aceitou convite para assumir o cargo de ministro da Secretaria-geral da Presid\u00eancia da Rep\u00fablica. A posse ocorrer\u00e1 na pr\u00f3xima segunda-feira (28\/05), \u00e0s 16 horas no Pal\u00e1cio do Planalto. A vaga estava aberta desde que Moreira Franco deixou a pasta para assumir o minist\u00e9rio de Minas e Energia.&#8221;J\u00e1 pedi a minha desfilia\u00e7\u00e3o [&hellip;]<\/p>\n","protected":false},"author":9,"featured_media":11470,"comment_status":"open","ping_status":"closed","sticky":false,"template":"","format":"standard","meta":{"footnotes":""},"categories":[234],"tags":[1281,1219,1279],"class_list":["post-11468","post","type-post","status-publish","format-standard","has-post-thumbnail","hentry","category-cb-poder","tag-secretaria-geral-da-presidencia-da-republica","tag-podemos","tag-ronaldo-fonseca"],"_links":{"self":[{"href":"https:\/\/blogs.correiobraziliense.com.br\/cbpoder\/wp-json\/wp\/v2\/posts\/11468","targetHints":{"allow":["GET"]}}],"collection":[{"href":"https:\/\/blogs.correiobraziliense.com.br\/cbpoder\/wp-json\/wp\/v2\/posts"}],"about":[{"href":"https:\/\/blogs.correiobraziliense.com.br\/cbpoder\/wp-json\/wp\/v2\/types\/post"}],"author":[{"embeddable":true,"href":"https:\/\/blogs.correiobraziliense.com.br\/cbpoder\/wp-json\/wp\/v2\/users\/9"}],"replies":[{"embeddable":true,"href":"https:\/\/blogs.correiobraziliense.com.br\/cbpoder\/wp-json\/wp\/v2\/comments?post=11468"}],"version-history":[{"count":2,"href":"https:\/\/blogs.correiobraziliense.com.br\/cbpoder\/wp-json\/wp\/v2\/posts\/11468\/revisions"}],"predecessor-version":[{"id":11471,"href":"https:\/\/blogs.correiobraziliense.com.br\/cbpoder\/wp-json\/wp\/v2\/posts\/11468\/revisions\/11471"}],"wp:featuredmedia":[{"embeddable":true,"href":"https:\/\/blogs.correiobraziliense.com.br\/cbpoder\/wp-json\/wp\/v2\/media\/11470"}],"wp:attachment":[{"href":"https:\/\/blogs.correiobraziliense.com.br\/cbpoder\/wp-json\/wp\/v2\/media?parent=11468"}],"wp:term":[{"taxonomy":"category","embeddable":true,"href":"https:\/\/blogs.correiobraziliense.com.br\/cbpoder\/wp-json\/wp\/v2\/categories?post=11468"},{"taxonomy":"post_tag","embeddable":true,"href":"https:\/\/blogs.correiobraziliense.com.br\/cbpoder\/wp-json\/wp\/v2\/tags?post=11468"}],"curies":[{"name":"wp","href":"https:\/\/api.w.org\/{rel}","templated":true}]}}