{"id":11462,"date":"2018-05-24T18:43:35","date_gmt":"2018-05-24T21:43:35","guid":{"rendered":"https:\/\/blogs.correiobraziliense.com.br\/cbpoder\/?p=11462"},"modified":"2018-05-24T19:36:40","modified_gmt":"2018-05-24T22:36:40","slug":"por-causa-do-impacto-da-crise-de-abastecimento-no-pais-rollemberg-suspende-aulas-na-rede-publica-do-df","status":"publish","type":"post","link":"https:\/\/blogs.correiobraziliense.com.br\/cbpoder\/por-causa-do-impacto-da-crise-de-abastecimento-no-pais-rollemberg-suspende-aulas-na-rede-publica-do-df\/","title":{"rendered":"Por causa do impacto da crise de abastecimento no pa\u00eds, Rollemberg suspende aulas na escolas p\u00fablicas do DF"},"content":{"rendered":"<p>ANA MARIA CAMPOS<\/p>\n<p>Por conta dos efeitos da crise provocada pela greve dos caminhoneiros, o governador Rodrigo Rollemberg (PSB) determinou a suspens\u00e3o das aulas nas escolas p\u00fablicas nesta sexta-feira (25\/05).<\/p>\n<p>O governador justifica: &#8220;Essa medida visa garantir a seguran\u00e7a dos alunos, diante da possibilidade de novas interrup\u00e7\u00f5es, bem como melhorar a mobilidade no tr\u00e2nsito da cidade&#8221;.<\/p>\n<p>Rollemberg determinou ainda que a Pol\u00edcia Civil abra uma investiga\u00e7\u00e3o para apurar crimes contra a rela\u00e7\u00e3o de consumo e a economia popular. Ele enviou of\u00edcio ao diretor-geral da Pol\u00edcia Civil, Eric Seba, com a recomenda\u00e7\u00e3o de que a Delegacia de Defesa do Consumidor apure poss\u00edveis abusos praticados por donos de postos de combust\u00edveis que reajustaram os pre\u00e7os da gasolina para at\u00e9 R$ 10,oo.<\/p>\n<p>\u00c0 Pol\u00edcia Militar do DF, Rollemberg determinou que trabalhe no sentido de desobstruir as rodovias federais, de acordo com decis\u00f5es da Justi\u00e7a Federal.<\/p>\n<p>Nesta sexta-feira, o Procon-DF continuar\u00e1 o trabalho de fiscaliza\u00e7\u00e3o aos postos para autuar os casos em que houver cobran\u00e7a de pre\u00e7os abusivos.<\/p>\n<p>Em nota, Rollemberg afirma que, no \u00e2mbito do governo do DF, haver\u00e1 prioridade no abastecimento de combust\u00edvel dos servi\u00e7os essenciais \u00e0 popula\u00e7\u00e3o, como sa\u00fade, seguran\u00e7a, coleta de lixo, al\u00e9m de quest\u00f5es emergenciais para o consumidor sob a responsabilidade da Caesb e da CEB.<\/p>\n<p>Sobre as aulas nas demais escolas, o Sindicato dos Estabelecimentos Particulares de Ensino do DF (Sinepe-DF) informou que caber\u00e1 \u00e0 gest\u00e3o de cada uma das escolas da rede privada decidir sobre o funcionamento amanh\u00e3. At\u00e9 as 19h desta quinta-feira (24\/5), nenhuma das institui\u00e7\u00f5es conveniadas \u00e0 entidade havia informado paralisa\u00e7\u00e3o das atividades.<\/p>\n<p>&nbsp;<\/p>\n","protected":false},"excerpt":{"rendered":"<p>ANA MARIA CAMPOS Por conta dos efeitos da crise provocada pela greve dos caminhoneiros, o governador Rodrigo Rollemberg (PSB) determinou a suspens\u00e3o das aulas nas escolas p\u00fablicas nesta sexta-feira (25\/05). O governador justifica: &#8220;Essa medida visa garantir a seguran\u00e7a dos alunos, diante da possibilidade de novas interrup\u00e7\u00f5es, bem como melhorar a mobilidade no tr\u00e2nsito da cidade&#8221;. Rollemberg determinou ainda que [&hellip;]<\/p>\n","protected":false},"author":9,"featured_media":11464,"comment_status":"open","ping_status":"closed","sticky":false,"template":"","format":"standard","meta":{"footnotes":""},"categories":[234],"tags":[1277,1278,1276,49],"class_list":["post-11462","post","type-post","status-publish","format-standard","has-post-thumbnail","hentry","category-cb-poder","tag-aula-na-rede-publica-do-df","tag-escolas","tag-greve-d0s-caminhoneiros","tag-rollemberg"],"_links":{"self":[{"href":"https:\/\/blogs.correiobraziliense.com.br\/cbpoder\/wp-json\/wp\/v2\/posts\/11462","targetHints":{"allow":["GET"]}}],"collection":[{"href":"https:\/\/blogs.correiobraziliense.com.br\/cbpoder\/wp-json\/wp\/v2\/posts"}],"about":[{"href":"https:\/\/blogs.correiobraziliense.com.br\/cbpoder\/wp-json\/wp\/v2\/types\/post"}],"author":[{"embeddable":true,"href":"https:\/\/blogs.correiobraziliense.com.br\/cbpoder\/wp-json\/wp\/v2\/users\/9"}],"replies":[{"embeddable":true,"href":"https:\/\/blogs.correiobraziliense.com.br\/cbpoder\/wp-json\/wp\/v2\/comments?post=11462"}],"version-history":[{"count":4,"href":"https:\/\/blogs.correiobraziliense.com.br\/cbpoder\/wp-json\/wp\/v2\/posts\/11462\/revisions"}],"predecessor-version":[{"id":11467,"href":"https:\/\/blogs.correiobraziliense.com.br\/cbpoder\/wp-json\/wp\/v2\/posts\/11462\/revisions\/11467"}],"wp:featuredmedia":[{"embeddable":true,"href":"https:\/\/blogs.correiobraziliense.com.br\/cbpoder\/wp-json\/wp\/v2\/media\/11464"}],"wp:attachment":[{"href":"https:\/\/blogs.correiobraziliense.com.br\/cbpoder\/wp-json\/wp\/v2\/media?parent=11462"}],"wp:term":[{"taxonomy":"category","embeddable":true,"href":"https:\/\/blogs.correiobraziliense.com.br\/cbpoder\/wp-json\/wp\/v2\/categories?post=11462"},{"taxonomy":"post_tag","embeddable":true,"href":"https:\/\/blogs.correiobraziliense.com.br\/cbpoder\/wp-json\/wp\/v2\/tags?post=11462"}],"curies":[{"name":"wp","href":"https:\/\/api.w.org\/{rel}","templated":true}]}}