{"id":11457,"date":"2018-05-24T12:26:54","date_gmt":"2018-05-24T15:26:54","guid":{"rendered":"https:\/\/blogs.correiobraziliense.com.br\/cbpoder\/?p=11457"},"modified":"2018-05-24T12:26:54","modified_gmt":"2018-05-24T15:26:54","slug":"gdf-pede-punicao-disciplinar-contra-bessa-por-agressao-assessor-de-rollemberg","status":"publish","type":"post","link":"https:\/\/blogs.correiobraziliense.com.br\/cbpoder\/gdf-pede-punicao-disciplinar-contra-bessa-por-agressao-assessor-de-rollemberg\/","title":{"rendered":"GDF pede puni\u00e7\u00e3o disciplinar contra Bessa por agress\u00e3o a assessor de Rollemberg"},"content":{"rendered":"<p>Em meio \u00e0s discuss\u00f5es sobre destina\u00e7\u00f5es de recursos do Fundo Constitucional do DF, o deputado Laerte Bessa (PR\/DF) agrediu o subsecret\u00e1rio de Articula\u00e7\u00e3o Federal da Casa Civil, Edvaldo Dias da Silva, na Comiss\u00e3o Mista do Congresso Nacional que analisa a Medida Provis\u00f3ria 821, que trata da cria\u00e7\u00e3o do Minist\u00e9rio da Seguran\u00e7a P\u00fablica. Bessa rasgou um relat\u00f3rio preparado pelo GDF sobre a divis\u00e3o dos recursos para sa\u00fade, seguran\u00e7a e educa\u00e7\u00e3o e partiu para cima do assessor de Rollemberg.<\/p>\n<p>&nbsp;<\/p>\n<p>Edvaldo registrou ocorr\u00eancia na Pol\u00edcia Legislativa do Senado como um soco. Bessa afirma que foi um tapa no peito. O deputado afirma que acertou com o presidente Michel Temer aprovar a emenda para garantir que 65% dos recursos do Fundo sejam destinados \u00e0 seguran\u00e7a, mas o governo do DF apresentou estudo que aponta um preju\u00edzo para a sa\u00fade e educa\u00e7\u00e3o. Assim, come\u00e7ou a confus\u00e3o. \u201cO Fundo Constitucional foi criado para custear a seguran\u00e7a e subsidiariamente, a educa\u00e7\u00e3o e sa\u00fade. Mas esse governo est\u00e1 invertendo isso\u201d, afirma Bessa.<\/p>\n<p>&nbsp;<\/p>\n<p>Em nota, o governo apontou: \u201c\u00c9 uma agress\u00e3o a democracia, a independ\u00eancia dos poderes e ao Congresso Nacional, que receber\u00e1 formalmente do Governo de Bras\u00edlia um pedido de uma a\u00e7\u00e3o disciplinar e \u00e9tica contra o deputado federal brasiliense\u201d.<\/p>\n","protected":false},"excerpt":{"rendered":"<p>Em meio \u00e0s discuss\u00f5es sobre destina\u00e7\u00f5es de recursos do Fundo Constitucional do DF, o deputado Laerte Bessa (PR\/DF) agrediu o subsecret\u00e1rio de Articula\u00e7\u00e3o Federal da Casa Civil, Edvaldo Dias da Silva, na Comiss\u00e3o Mista do Congresso Nacional que analisa a Medida Provis\u00f3ria 821, que trata da cria\u00e7\u00e3o do Minist\u00e9rio da Seguran\u00e7a P\u00fablica. Bessa rasgou um relat\u00f3rio preparado pelo GDF sobre [&hellip;]<\/p>\n","protected":false},"author":9,"featured_media":4380,"comment_status":"open","ping_status":"closed","sticky":false,"template":"","format":"standard","meta":{"footnotes":""},"categories":[234],"tags":[1275,1273,1274],"class_list":["post-11457","post","type-post","status-publish","format-standard","has-post-thumbnail","hentry","category-cb-poder","tag-agressao","tag-bessa","tag-soco"],"_links":{"self":[{"href":"https:\/\/blogs.correiobraziliense.com.br\/cbpoder\/wp-json\/wp\/v2\/posts\/11457","targetHints":{"allow":["GET"]}}],"collection":[{"href":"https:\/\/blogs.correiobraziliense.com.br\/cbpoder\/wp-json\/wp\/v2\/posts"}],"about":[{"href":"https:\/\/blogs.correiobraziliense.com.br\/cbpoder\/wp-json\/wp\/v2\/types\/post"}],"author":[{"embeddable":true,"href":"https:\/\/blogs.correiobraziliense.com.br\/cbpoder\/wp-json\/wp\/v2\/users\/9"}],"replies":[{"embeddable":true,"href":"https:\/\/blogs.correiobraziliense.com.br\/cbpoder\/wp-json\/wp\/v2\/comments?post=11457"}],"version-history":[{"count":1,"href":"https:\/\/blogs.correiobraziliense.com.br\/cbpoder\/wp-json\/wp\/v2\/posts\/11457\/revisions"}],"predecessor-version":[{"id":11458,"href":"https:\/\/blogs.correiobraziliense.com.br\/cbpoder\/wp-json\/wp\/v2\/posts\/11457\/revisions\/11458"}],"wp:featuredmedia":[{"embeddable":true,"href":"https:\/\/blogs.correiobraziliense.com.br\/cbpoder\/wp-json\/wp\/v2\/media\/4380"}],"wp:attachment":[{"href":"https:\/\/blogs.correiobraziliense.com.br\/cbpoder\/wp-json\/wp\/v2\/media?parent=11457"}],"wp:term":[{"taxonomy":"category","embeddable":true,"href":"https:\/\/blogs.correiobraziliense.com.br\/cbpoder\/wp-json\/wp\/v2\/categories?post=11457"},{"taxonomy":"post_tag","embeddable":true,"href":"https:\/\/blogs.correiobraziliense.com.br\/cbpoder\/wp-json\/wp\/v2\/tags?post=11457"}],"curies":[{"name":"wp","href":"https:\/\/api.w.org\/{rel}","templated":true}]}}