{"id":11424,"date":"2018-05-18T19:42:00","date_gmt":"2018-05-18T22:42:00","guid":{"rendered":"https:\/\/blogs.correiobraziliense.com.br\/cbpoder\/?p=11424"},"modified":"2018-05-18T19:42:00","modified_gmt":"2018-05-18T22:42:00","slug":"presidente-do-partido-de-rollemberg-critica-lancamento-de-izalci-ao-gdf","status":"publish","type":"post","link":"https:\/\/blogs.correiobraziliense.com.br\/cbpoder\/presidente-do-partido-de-rollemberg-critica-lancamento-de-izalci-ao-gdf\/","title":{"rendered":"Presidente do partido de Rollemberg critica lan\u00e7amento de Izalci ao GDF"},"content":{"rendered":"<p><strong>Alexandre de Paula\u00a0<\/strong><\/p>\n<p>&nbsp;<\/p>\n<p><span style=\"font-weight: 400\">O presidente do PSB-DF, Tiago Coelho, criticou o lan\u00e7amento da pr\u00e9-candidatura de Izalci Lucas (PSDB) ao Pal\u00e1cio do Buriti, anunciada na tarde desta sexta-feira (18\/5).\u00a0<\/span><span style=\"font-weight: 400\">Para o socialista, a popula\u00e7\u00e3o de Bras\u00edlia saber\u00e1\u00a0&#8220;diferenciar aqueles que t\u00eam compromisso e amor pela cidade daqueles que est\u00e3o comprometidos com projetos individuais&#8221;.<\/span><\/p>\n<p>&nbsp;<\/p>\n<p><span style=\"font-weight: 400\">Izalci foi escolhido como cabe\u00e7a de chapa pelo grupo de centro-direita composto por nomes como o senador Cristovam Buarque (PPS), que disputar\u00e1 a reelei\u00e7\u00e3o, e o deputado federal Rog\u00e9rio Rosso (PSD). A coaliz\u00e3o, entretanto, deixou para depois a oficializa\u00e7\u00e3o do nome \u00e0 vice-governadoria e do dono da segunda vaga do Senado.<\/span><\/p>\n<p>&nbsp;<\/p>\n<blockquote><p><span style=\"font-weight: 400\">Por meio de nota, Coelho afirmou que o lan\u00e7amento de uma chapa \u201cpela metade\u201d evidencia a precariedade de objetivos da composi\u00e7\u00e3o. \u201cN\u00e3o h\u00e1 proposta, n\u00e3o h\u00e1 compromisso com Bras\u00edlia. H\u00e1 apenas a vontade pol\u00edtica de projetos pol\u00edticos individuais e a preocupa\u00e7\u00e3o em fazer arranjos eleitorais com o objetivo de alcan\u00e7ar o poder pelo poder\u201d, escreve.<\/span><\/p>\n<p>&nbsp;<\/p><\/blockquote>\n<p><span style=\"font-weight: 400\">O presidente do PSB-DF critica tamb\u00e9m as negocia\u00e7\u00f5es do grupo com legendas de diversas correntes pol\u00edticas\u00a0<\/span>\u2014 muitas vezes antag\u00f4nicas\u00a0\u2014\u00a0<span>durante o processo para, segundo ele, \u201ctentar garantir a elei\u00e7\u00e3o dos seus componentes\u201d.\u00a0<\/span>\u201cQuais s\u00e3o as motiva\u00e7\u00f5es? S\u00e3o contra a universaliza\u00e7\u00e3o do ensino para crian\u00e7a de 4 e 5 anos? S\u00e3o contra o fim do Lix\u00e3o? S\u00e3o contra a recupera\u00e7\u00e3o das finan\u00e7a p\u00fablicas? S\u00e3o contra o bilhete \u00fanico? S\u00e3o contra a democratiza\u00e7\u00e3o da orla do lago Parano\u00e1?\u201d, questiona.<\/p>\n","protected":false},"excerpt":{"rendered":"<p>Alexandre de Paula\u00a0 &nbsp; O presidente do PSB-DF, Tiago Coelho, criticou o lan\u00e7amento da pr\u00e9-candidatura de Izalci Lucas (PSDB) ao Pal\u00e1cio do Buriti, anunciada na tarde desta sexta-feira (18\/5).\u00a0Para o socialista, a popula\u00e7\u00e3o de Bras\u00edlia saber\u00e1\u00a0&#8220;diferenciar aqueles que t\u00eam compromisso e amor pela cidade daqueles que est\u00e3o comprometidos com projetos individuais&#8221;. &nbsp; Izalci foi escolhido como cabe\u00e7a de chapa pelo [&hellip;]<\/p>\n","protected":false},"author":90,"featured_media":6294,"comment_status":"open","ping_status":"closed","sticky":false,"template":"","format":"standard","meta":{"footnotes":""},"categories":[234],"tags":[16,692,52,494,193],"class_list":["post-11424","post","type-post","status-publish","format-standard","has-post-thumbnail","hentry","category-cb-poder","tag-gdf","tag-izalci-lucas","tag-psb","tag-psdb","tag-rodrigo-rollemberg"],"_links":{"self":[{"href":"https:\/\/blogs.correiobraziliense.com.br\/cbpoder\/wp-json\/wp\/v2\/posts\/11424","targetHints":{"allow":["GET"]}}],"collection":[{"href":"https:\/\/blogs.correiobraziliense.com.br\/cbpoder\/wp-json\/wp\/v2\/posts"}],"about":[{"href":"https:\/\/blogs.correiobraziliense.com.br\/cbpoder\/wp-json\/wp\/v2\/types\/post"}],"author":[{"embeddable":true,"href":"https:\/\/blogs.correiobraziliense.com.br\/cbpoder\/wp-json\/wp\/v2\/users\/90"}],"replies":[{"embeddable":true,"href":"https:\/\/blogs.correiobraziliense.com.br\/cbpoder\/wp-json\/wp\/v2\/comments?post=11424"}],"version-history":[{"count":3,"href":"https:\/\/blogs.correiobraziliense.com.br\/cbpoder\/wp-json\/wp\/v2\/posts\/11424\/revisions"}],"predecessor-version":[{"id":11427,"href":"https:\/\/blogs.correiobraziliense.com.br\/cbpoder\/wp-json\/wp\/v2\/posts\/11424\/revisions\/11427"}],"wp:featuredmedia":[{"embeddable":true,"href":"https:\/\/blogs.correiobraziliense.com.br\/cbpoder\/wp-json\/wp\/v2\/media\/6294"}],"wp:attachment":[{"href":"https:\/\/blogs.correiobraziliense.com.br\/cbpoder\/wp-json\/wp\/v2\/media?parent=11424"}],"wp:term":[{"taxonomy":"category","embeddable":true,"href":"https:\/\/blogs.correiobraziliense.com.br\/cbpoder\/wp-json\/wp\/v2\/categories?post=11424"},{"taxonomy":"post_tag","embeddable":true,"href":"https:\/\/blogs.correiobraziliense.com.br\/cbpoder\/wp-json\/wp\/v2\/tags?post=11424"}],"curies":[{"name":"wp","href":"https:\/\/api.w.org\/{rel}","templated":true}]}}