{"id":11416,"date":"2018-05-18T18:09:23","date_gmt":"2018-05-18T21:09:23","guid":{"rendered":"https:\/\/blogs.correiobraziliense.com.br\/cbpoder\/?p=11416"},"modified":"2018-05-18T18:09:23","modified_gmt":"2018-05-18T21:09:23","slug":"no-dia-do-lancamento-da-pre-candidatura-ao-gdf-izalci-tem-inquerito-remetido-1a-instancia","status":"publish","type":"post","link":"https:\/\/blogs.correiobraziliense.com.br\/cbpoder\/no-dia-do-lancamento-da-pre-candidatura-ao-gdf-izalci-tem-inquerito-remetido-1a-instancia\/","title":{"rendered":"No dia do lan\u00e7amento da pr\u00e9-candidatura ao GDF, Izalci tem inqu\u00e9rito remetido \u00e0 1\u00aa inst\u00e2ncia"},"content":{"rendered":"<p><span style=\"font-weight: 400\">Devido \u00e0 restri\u00e7\u00e3o do foro privilegiado, o ministro do Supremo Tribunal Federal (STF) Edson Fachin enviou \u00e0 primeira inst\u00e2ncia, nesta sexta-feira (18\/05), inqu\u00e9rito contra o deputado federal Izalci Lucas (PSDB). O procedimento investiga a participa\u00e7\u00e3o do parlamentar em um esquema de desvio de recursos p\u00fablicos no Programa de Inclus\u00e3o Digital &#8211; DF Digital, \u00e0 \u00e9poca em que ele comandava a Secretaria de Ci\u00eancia e Tecnologia. O despacho acontece no mesmo dia em que o grupo de centro-direita liderado por Cristovam Buarque (PPS) lan\u00e7ou a pr\u00e9-candidatura do tucano ao GDF. <\/span><\/p>\n<p>&nbsp;<\/p>\n<p><span style=\"font-weight: 400\">A 1\u00aa Vara Criminal de Bras\u00edlia enviou o processo ao STF quando Izalci assumiu a vaga na C\u00e2mara dos Deputados. Contudo, com a decis\u00e3o da Corte Suprema de manter o foro apenas em processos relativos a crimes praticados durante o per\u00edodo do mandato e com rela\u00e7\u00e3o \u00e0s fun\u00e7\u00f5es do cargo, o inqu\u00e9rito desceu para o ju\u00edzo de origem. <\/span><\/p>\n<p>&nbsp;<\/p>\n<blockquote><p><span style=\"font-weight: 400\">As den\u00fancias sobre os supostos desvios surgiram ap\u00f3s a opera\u00e7\u00e3o Firewall, conduzida em 2012 pela Pol\u00edcia Civil do DF. Segundo a Procuradoria-Geral da Rep\u00fablica, o esquema de desvio de verbas teria come\u00e7ado em 2009, em contrato entre a Funda\u00e7\u00e3o Gon\u00e7alves L\u00eado e a Funda\u00e7\u00e3o de Apoio e Pesquisa (FAP), vinculada \u00e0 Secretaria de Ci\u00eancia e Tecnologia. A empresa era respons\u00e1vel pela administra\u00e7\u00e3o do programa DF Digital, criado para oferecer cursos de internet \u00e0 popula\u00e7\u00e3o do DF.<\/span><\/p>\n<p>&nbsp;<\/p><\/blockquote>\n<p>&nbsp;<\/p>\n<p><span style=\"font-weight: 400\">Para a PGR, contudo, a FGL n\u00e3o tinha capacidade t\u00e9cnica para prestar os servi\u00e7os contratados. \u201cA partir da quebra do sigilo banc\u00e1rio das empresas de inform\u00e1tica contratadas pela FGL, restou demonstrado o efetivo desvio de recursos p\u00fablicos, uma vez que muitas delas receberam pagamentos por servi\u00e7os n\u00e3o prestados ou prestados em quantidade inferior ao valor recebido\u201d, alegaram os procuradores. <\/span><\/p>\n<p>&nbsp;<\/p>\n<p><span style=\"font-weight: 400\">O contrato, firmado com dispensa de licita\u00e7\u00e3o, previa repasse de R$ 135 milh\u00f5es para a empresa em cinco anos. O desvio, \u00e0 \u00e9poca, teria sido de R$ 30 milh\u00f5es.<\/span><\/p>\n<p>&nbsp;<\/p>\n<p><span style=\"font-weight: 400\">O \u00f3rg\u00e3o ministerial ressaltou que \u201cind\u00edcios extra\u00eddos de per\u00edcia realizada no computador do investigado Reginaldo Silva Pereira [ ex-dirigente da Funda\u00e7\u00e3o Gon\u00e7alves L\u00eado (FGL)], consistentes em planilhas que apontam para o poss\u00edvel envolvimento do ent\u00e3o Secret\u00e1rio de Ci\u00eancia e Tecnologia do Distrito Federal Izalci Lucas Ferreira nos fatos sob apura\u00e7\u00e3o\u201d. O processo est\u00e1 na fase de investiga\u00e7\u00e3o. Por ora, n\u00e3o h\u00e1 den\u00fancia.\u00a0<\/span><\/p>\n<p>&nbsp;<\/p>\n<h2><strong>O outro lado<\/strong><\/h2>\n<p>&nbsp;<\/p>\n<p>Ao <strong>Correio<\/strong>, Izalci Lucas afirmou que &#8220;o envio do inqu\u00e9rito \u00e0 primeira inst\u00e2ncia era esperado&#8221;. &#8220;Trata-se do novo entendimento do STF. Fico feliz em poder esclarecer as coisas. Eu era apenas secret\u00e1rio; n\u00e3o gestor de despesas. Estou muito tranquilo. Se tivesse algum problema, jamais sairia candidato ao GDF&#8221;, alegou.<\/p>\n<p>&nbsp;<\/p>\n<h2>Saiba mais:<\/h2>\n<p>&nbsp;<\/p>\n<p><em>Outros dois processos contra Izalci Lucas devem ser enviados \u00e0 primeira inst\u00e2ncia. Confira do que se tratam:<\/em><\/p>\n<p>&nbsp;<\/p>\n<ul>\n<li>Inqu\u00e9rito que investiga se o deputado desviou bens doados pela Receita Federal e pelo Tribunal de Contas da Uni\u00e3o \u00e0 Secretaria de Ci\u00eancia e Tecnologia (SECT) entre 2009 e 2010, quando chefiava a Secretaria de Ci\u00eancia e Tecnologia<\/li>\n<li>Inqu\u00e9rito que investiga se o deputado federal constrangeu servidores atuantes no Programa de Inclus\u00e3o Digital \u2013 DF para trabalharem como cabos eleitorais entre\u00a02009 e 2010, quando chefiava a Secretaria de Ci\u00eancia e Tecnologia<\/li>\n<\/ul>\n<p>&nbsp;<\/p>\n","protected":false},"excerpt":{"rendered":"<p>Devido \u00e0 restri\u00e7\u00e3o do foro privilegiado, o ministro do Supremo Tribunal Federal (STF) Edson Fachin enviou \u00e0 primeira inst\u00e2ncia, nesta sexta-feira (18\/05), inqu\u00e9rito contra o deputado federal Izalci Lucas (PSDB). O procedimento investiga a participa\u00e7\u00e3o do parlamentar em um esquema de desvio de recursos p\u00fablicos no Programa de Inclus\u00e3o Digital &#8211; DF Digital, \u00e0 \u00e9poca em que ele comandava a [&hellip;]<\/p>\n","protected":false},"author":90,"featured_media":3757,"comment_status":"open","ping_status":"closed","sticky":false,"template":"","format":"standard","meta":{"footnotes":""},"categories":[234],"tags":[807,1266,16,692,149],"class_list":["post-11416","post","type-post","status-publish","format-standard","has-post-thumbnail","hentry","category-cb-poder","tag-eleicoes-2018","tag-foro-privilegiado","tag-gdf","tag-izalci-lucas","tag-stf"],"_links":{"self":[{"href":"https:\/\/blogs.correiobraziliense.com.br\/cbpoder\/wp-json\/wp\/v2\/posts\/11416","targetHints":{"allow":["GET"]}}],"collection":[{"href":"https:\/\/blogs.correiobraziliense.com.br\/cbpoder\/wp-json\/wp\/v2\/posts"}],"about":[{"href":"https:\/\/blogs.correiobraziliense.com.br\/cbpoder\/wp-json\/wp\/v2\/types\/post"}],"author":[{"embeddable":true,"href":"https:\/\/blogs.correiobraziliense.com.br\/cbpoder\/wp-json\/wp\/v2\/users\/90"}],"replies":[{"embeddable":true,"href":"https:\/\/blogs.correiobraziliense.com.br\/cbpoder\/wp-json\/wp\/v2\/comments?post=11416"}],"version-history":[{"count":7,"href":"https:\/\/blogs.correiobraziliense.com.br\/cbpoder\/wp-json\/wp\/v2\/posts\/11416\/revisions"}],"predecessor-version":[{"id":11423,"href":"https:\/\/blogs.correiobraziliense.com.br\/cbpoder\/wp-json\/wp\/v2\/posts\/11416\/revisions\/11423"}],"wp:featuredmedia":[{"embeddable":true,"href":"https:\/\/blogs.correiobraziliense.com.br\/cbpoder\/wp-json\/wp\/v2\/media\/3757"}],"wp:attachment":[{"href":"https:\/\/blogs.correiobraziliense.com.br\/cbpoder\/wp-json\/wp\/v2\/media?parent=11416"}],"wp:term":[{"taxonomy":"category","embeddable":true,"href":"https:\/\/blogs.correiobraziliense.com.br\/cbpoder\/wp-json\/wp\/v2\/categories?post=11416"},{"taxonomy":"post_tag","embeddable":true,"href":"https:\/\/blogs.correiobraziliense.com.br\/cbpoder\/wp-json\/wp\/v2\/tags?post=11416"}],"curies":[{"name":"wp","href":"https:\/\/api.w.org\/{rel}","templated":true}]}}