{"id":11411,"date":"2018-05-17T21:59:58","date_gmt":"2018-05-18T00:59:58","guid":{"rendered":"https:\/\/blogs.correiobraziliense.com.br\/cbpoder\/?p=11411"},"modified":"2018-05-17T22:02:21","modified_gmt":"2018-05-18T01:02:21","slug":"stf-envia-a-1a-instancia-acoes-contra-fraga-por-cobranca-de-propina","status":"publish","type":"post","link":"https:\/\/blogs.correiobraziliense.com.br\/cbpoder\/stf-envia-a-1a-instancia-acoes-contra-fraga-por-cobranca-de-propina\/","title":{"rendered":"STF envia \u00e0 1\u00aa inst\u00e2ncia a\u00e7\u00f5es contra Fraga por cobran\u00e7a de propina"},"content":{"rendered":"<p><span style=\"font-weight: 400\">Com base na restri\u00e7\u00e3o do foro privilegiado, o ministro do Supremo Tribunal Federal (STF) Alexandre de Moraes declinou da compet\u00eancia e enviou \u00e0 primeira inst\u00e2ncia, nesta quinta-feira (17\/05), dois processos relativos \u00e0 pr\u00e1tica de concuss\u00e3o contra o deputado federal Alberto Fraga (DEM). Segundo as a\u00e7\u00f5es penais, o parlamentar, \u00e0 \u00e9poca em que comandava a Secretaria de Transportes, recebeu propina <\/span><span style=\"font-weight: 400\">para <\/span><span style=\"font-weight: 400\">incluir cooperativas no sistema de transporte p\u00fablico do DF durante a gest\u00e3o de Jos\u00e9 Roberto Arruda (PR).<\/span><\/p>\n<p>&nbsp;<\/p>\n<blockquote><p><span style=\"font-weight: 400\">As den\u00fancias t\u00eam origem na <\/span><span style=\"font-weight: 400\">Vara Criminal e Tribunal do J\u00fari do N\u00facleo Bandeirante. <\/span><span style=\"font-weight: 400\">Apesar das acusa\u00e7\u00f5es semelhantes, as a\u00e7\u00f5es tramitam em separado, pois tratam de cooperativas distintas. O esquema, desvendado pela Opera\u00e7\u00e3o Regin, da Pol\u00edcia Civil, em 2011, ainda teria envolvido outros gestores da Secretaria de Transportes, entre 2008 e 2009. <\/span><\/p>\n<p>&nbsp;<\/p><\/blockquote>\n<p><span style=\"font-weight: 400\">O parlamentar foi gravado supostamente negociando a propina. O Minist\u00e9rio P\u00fablico Federal (MPF) pediu que os \u00e1udios fossem inclu\u00eddos nos casos como provas dos inqu\u00e9ritos. A solicita\u00e7\u00e3o foi feita depois que a TV Globo divulgou o conte\u00fado da conversa. <\/span><\/p>\n<p>&nbsp;<\/p>\n<p><b>O outro lado<\/b><\/p>\n<p>&nbsp;<\/p>\n<p><span style=\"font-weight: 400\">Em nota, o deputado federal Alberto Fraga (DEM-DF) afirmou que \u201csempre foi favor\u00e1vel ao fim do foro privilegiado em todas as esferas, afinal todos devem ser iguais perante a lei\u201d. E acrescentou: \u201cEspero que essa mudan\u00e7a possa dar mais agilidade aos processos e assim comprovar logo minha inoc\u00eancia\u201d.<\/span><\/p>\n<p>&nbsp;<\/p>\n","protected":false},"excerpt":{"rendered":"<p>Com base na restri\u00e7\u00e3o do foro privilegiado, o ministro do Supremo Tribunal Federal (STF) Alexandre de Moraes declinou da compet\u00eancia e enviou \u00e0 primeira inst\u00e2ncia, nesta quinta-feira (17\/05), dois processos relativos \u00e0 pr\u00e1tica de concuss\u00e3o contra o deputado federal Alberto Fraga (DEM). Segundo as a\u00e7\u00f5es penais, o parlamentar, \u00e0 \u00e9poca em que comandava a Secretaria de Transportes, recebeu propina para [&hellip;]<\/p>\n","protected":false},"author":90,"featured_media":10144,"comment_status":"open","ping_status":"closed","sticky":false,"template":"","format":"standard","meta":{"footnotes":""},"categories":[234],"tags":[1266,81,505,149],"class_list":["post-11411","post","type-post","status-publish","format-standard","has-post-thumbnail","hentry","category-cb-poder","tag-foro-privilegiado","tag-fraga","tag-propina","tag-stf"],"_links":{"self":[{"href":"https:\/\/blogs.correiobraziliense.com.br\/cbpoder\/wp-json\/wp\/v2\/posts\/11411","targetHints":{"allow":["GET"]}}],"collection":[{"href":"https:\/\/blogs.correiobraziliense.com.br\/cbpoder\/wp-json\/wp\/v2\/posts"}],"about":[{"href":"https:\/\/blogs.correiobraziliense.com.br\/cbpoder\/wp-json\/wp\/v2\/types\/post"}],"author":[{"embeddable":true,"href":"https:\/\/blogs.correiobraziliense.com.br\/cbpoder\/wp-json\/wp\/v2\/users\/90"}],"replies":[{"embeddable":true,"href":"https:\/\/blogs.correiobraziliense.com.br\/cbpoder\/wp-json\/wp\/v2\/comments?post=11411"}],"version-history":[{"count":4,"href":"https:\/\/blogs.correiobraziliense.com.br\/cbpoder\/wp-json\/wp\/v2\/posts\/11411\/revisions"}],"predecessor-version":[{"id":11415,"href":"https:\/\/blogs.correiobraziliense.com.br\/cbpoder\/wp-json\/wp\/v2\/posts\/11411\/revisions\/11415"}],"wp:featuredmedia":[{"embeddable":true,"href":"https:\/\/blogs.correiobraziliense.com.br\/cbpoder\/wp-json\/wp\/v2\/media\/10144"}],"wp:attachment":[{"href":"https:\/\/blogs.correiobraziliense.com.br\/cbpoder\/wp-json\/wp\/v2\/media?parent=11411"}],"wp:term":[{"taxonomy":"category","embeddable":true,"href":"https:\/\/blogs.correiobraziliense.com.br\/cbpoder\/wp-json\/wp\/v2\/categories?post=11411"},{"taxonomy":"post_tag","embeddable":true,"href":"https:\/\/blogs.correiobraziliense.com.br\/cbpoder\/wp-json\/wp\/v2\/tags?post=11411"}],"curies":[{"name":"wp","href":"https:\/\/api.w.org\/{rel}","templated":true}]}}