{"id":11363,"date":"2018-05-15T14:32:38","date_gmt":"2018-05-15T17:32:38","guid":{"rendered":"https:\/\/blogs.correiobraziliense.com.br\/cbpoder\/?p=11363"},"modified":"2018-05-15T14:52:02","modified_gmt":"2018-05-15T17:52:02","slug":"tribunal-de-justica-do-df-restringe-foro-para-deputados-distritais","status":"publish","type":"post","link":"https:\/\/blogs.correiobraziliense.com.br\/cbpoder\/tribunal-de-justica-do-df-restringe-foro-para-deputados-distritais\/","title":{"rendered":"Tribunal de Justi\u00e7a do DF restringe foro para deputados distritais"},"content":{"rendered":"<p><span style=\"font-weight: 400\">Ana Viriato<\/span><\/p>\n<p>&nbsp;<\/p>\n<p><span style=\"font-weight: 400\">Em simetria com o novo entendimento do Supremo Tribunal Federal (STF) sobre o foro privilegiado, o Conselho Especial do Tribunal de Justi\u00e7a do DF e dos Territ\u00f3rios (TJDFT) decidiu, nesta ter\u00e7a-feira (15\/05), enviar \u00e0 primeira inst\u00e2ncia o inqu\u00e9rito contra a distrital Telma Rufino (Pros) por falsifica\u00e7\u00e3o de diplomas. A decis\u00e3o un\u00e2nime abre precedente para que todas as a\u00e7\u00f5es relacionadas a crimes praticados pelos deputados fora do exerc\u00edcio do mandato e desconexos dos cargos ocupados passem das m\u00e3os de desembargadores para as de ju\u00edzes, conforme jurisprud\u00eancia da Suprema Corte.<\/span><\/p>\n<p>&nbsp;<\/p>\n<p><span style=\"font-weight: 400\">No caso da parlamentar, a den\u00fancia da Procuradoria-geral de Justi\u00e7a do DF aponta que ela praticou cinco vezes o crime de falsifica\u00e7\u00e3o de documento p\u00fablico ao forjar certificados de conclus\u00e3o e hist\u00f3ricos escolares dos cursos de Tecnologia em Gest\u00e3o P\u00fablica e p\u00f3s gradua\u00e7\u00e3o lato sensu em gest\u00e3o de pol\u00edticas p\u00fablicas e sociais da Faculdade de Ci\u00eancias, Educa\u00e7\u00e3o e Tecnologia Darwin (Faceted), no Areal, entre 2012 e 2015.<\/span><\/p>\n<p>&nbsp;<\/p>\n<blockquote><p><span style=\"font-weight: 400\">Ao manifestar posicionamento sobre o inqu\u00e9rito, o procurador-geral de Justi\u00e7a do DF, Leonardo Bessa, pediu que o Conselho Especial declinasse da compet\u00eancia, porque &#8220;os delitos n\u00e3o guardam rela\u00e7\u00e3o com o exerc\u00edcio parlamentar&#8221;. &#8220;Segundo decis\u00e3o do STF, a prerrogativa de foro s\u00f3 vale para crimes praticados durante o cargo e relacionados \u00e0s fun\u00e7\u00f5es desempenhadas&#8221;, defendeu.<\/span><\/p>\n<p>&nbsp;<\/p><\/blockquote>\n<p><span style=\"font-weight: 400\">Relator do processo, o desembargador \u00c2ngelo Passarelli acatou o pedido da Procuradoria e votou pelo envio do inqu\u00e9rito \u00e0 primeira inst\u00e2ncia. &#8220;S\u00e3o imputadas cinco condutas que se tipificam como crimes. Algumas do per\u00edodo anterior \u00e0 diploma\u00e7\u00e3o e outras em data posterior. Mas nada t\u00eam a ver com a atividade parlamentar. Dizem respeito \u00e0 falsifica\u00e7\u00e3o de documentos p\u00fablicos para fins pessoais. Na linha sugerida pelo MP e endossada pela defesa, voto no sentido de que se acolha a quest\u00e3o de ordem&#8221;, pontuou. Todos os demais magistrados acompanharam o entendimento.<\/span><\/p>\n<p>&nbsp;<\/p>\n<p><span style=\"font-weight: 400\">Com a decis\u00e3o do Conselho Especial, caber\u00e1 ao juiz da 8\u00aa Vara Criminal decidir se aceita a den\u00fancia e, assim, torna r\u00e9 a distrital. \u00c9 neste ju\u00edzo que se originou a a\u00e7\u00e3o e tramitam processos de demais envolvidos. Telma Rufino \u00e9 a primeira distrital a ter um inqu\u00e9rito remetido pelos desembargadores \u00e0 primeira inst\u00e2ncia depois da restri\u00e7\u00e3o do foro.<\/span><\/p>\n<p>&nbsp;<\/p>\n<h2><b>O caso<\/b><\/h2>\n<p>&nbsp;<\/p>\n<p><span style=\"font-weight: 400\">Segundo a den\u00fancia, Telma obteve os diplomas sem prestar vestibular, frequentar as aulas e realizar os trabalhos e provas. A investiga\u00e7\u00e3o surgiu por acaso, em decorr\u00eancia da Opera\u00e7\u00e3o Trick, deflagrada em abril de 2015, pela Coordena\u00e7\u00e3o de Repress\u00e3o aos Crimes contra o Consumidor, a Ordem Tribut\u00e1ria e a Fraudes (Corf).<\/span><\/p>\n<p>&nbsp;<\/p>\n<p><span style=\"font-weight: 400\">Os policiais, liderados pelo delegado Jeferson Lisboa Gimenez, apuravam crimes relacionados \u00e0 falsifica\u00e7\u00e3o de documentos, falsidade ideol\u00f3gica, organiza\u00e7\u00e3o criminosa, fraude de grande monta envolvendo institui\u00e7\u00f5es banc\u00e1rias e lavagem de dinheiro. Pelo relacionamento com os principais investigados, Edigard Eneas da Silva e Luciano Alves Dutra Diniz, a distrital teve a casa vasculhada pela Pol\u00edcia Civil em cumprimento de mandado de busca e apreens\u00e3o.<\/span><\/p>\n<p>&nbsp;<\/p>\n<p><span style=\"font-weight: 400\">A rela\u00e7\u00e3o entre Telma e Edigard era branda. De acordo com o MP, gra\u00e7as \u00e0 distrital, ele foi nomeado, em abril de 2014, para o cargo de subsecret\u00e1rio de qualifica\u00e7\u00e3o e capacita\u00e7\u00e3o profissional da Secretaria de Trabalho do governo de Agnelo Queiroz (PT). Enquanto isso, Edigard era financiador, cabo eleitoral e articulador pol\u00edtico da campanha de Telma \u00e0 C\u00e2mara Legislativa.<\/span><\/p>\n<p>&nbsp;<\/p>\n","protected":false},"excerpt":{"rendered":"<p>Ana Viriato &nbsp; Em simetria com o novo entendimento do Supremo Tribunal Federal (STF) sobre o foro privilegiado, o Conselho Especial do Tribunal de Justi\u00e7a do DF e dos Territ\u00f3rios (TJDFT) decidiu, nesta ter\u00e7a-feira (15\/05), enviar \u00e0 primeira inst\u00e2ncia o inqu\u00e9rito contra a distrital Telma Rufino (Pros) por falsifica\u00e7\u00e3o de diplomas. A decis\u00e3o un\u00e2nime abre precedente para que todas as [&hellip;]<\/p>\n","protected":false},"author":9,"featured_media":9019,"comment_status":"open","ping_status":"closed","sticky":false,"template":"","format":"standard","meta":{"footnotes":""},"categories":[234],"tags":[1254,1253,64,470],"class_list":["post-11363","post","type-post","status-publish","format-standard","has-post-thumbnail","hentry","category-cb-poder","tag-deputados-distritais","tag-foro-especial","tag-telma-rufino","tag-tribunal-de-justica-do-df"],"_links":{"self":[{"href":"https:\/\/blogs.correiobraziliense.com.br\/cbpoder\/wp-json\/wp\/v2\/posts\/11363","targetHints":{"allow":["GET"]}}],"collection":[{"href":"https:\/\/blogs.correiobraziliense.com.br\/cbpoder\/wp-json\/wp\/v2\/posts"}],"about":[{"href":"https:\/\/blogs.correiobraziliense.com.br\/cbpoder\/wp-json\/wp\/v2\/types\/post"}],"author":[{"embeddable":true,"href":"https:\/\/blogs.correiobraziliense.com.br\/cbpoder\/wp-json\/wp\/v2\/users\/9"}],"replies":[{"embeddable":true,"href":"https:\/\/blogs.correiobraziliense.com.br\/cbpoder\/wp-json\/wp\/v2\/comments?post=11363"}],"version-history":[{"count":5,"href":"https:\/\/blogs.correiobraziliense.com.br\/cbpoder\/wp-json\/wp\/v2\/posts\/11363\/revisions"}],"predecessor-version":[{"id":11368,"href":"https:\/\/blogs.correiobraziliense.com.br\/cbpoder\/wp-json\/wp\/v2\/posts\/11363\/revisions\/11368"}],"wp:featuredmedia":[{"embeddable":true,"href":"https:\/\/blogs.correiobraziliense.com.br\/cbpoder\/wp-json\/wp\/v2\/media\/9019"}],"wp:attachment":[{"href":"https:\/\/blogs.correiobraziliense.com.br\/cbpoder\/wp-json\/wp\/v2\/media?parent=11363"}],"wp:term":[{"taxonomy":"category","embeddable":true,"href":"https:\/\/blogs.correiobraziliense.com.br\/cbpoder\/wp-json\/wp\/v2\/categories?post=11363"},{"taxonomy":"post_tag","embeddable":true,"href":"https:\/\/blogs.correiobraziliense.com.br\/cbpoder\/wp-json\/wp\/v2\/tags?post=11363"}],"curies":[{"name":"wp","href":"https:\/\/api.w.org\/{rel}","templated":true}]}}