{"id":11350,"date":"2018-05-14T20:45:45","date_gmt":"2018-05-14T23:45:45","guid":{"rendered":"https:\/\/blogs.correiobraziliense.com.br\/cbpoder\/?p=11350"},"modified":"2018-05-14T20:45:45","modified_gmt":"2018-05-14T23:45:45","slug":"filho-de-gim-argello-desiste-de-candidatura-distrital","status":"publish","type":"post","link":"https:\/\/blogs.correiobraziliense.com.br\/cbpoder\/filho-de-gim-argello-desiste-de-candidatura-distrital\/","title":{"rendered":"Filho de Gim Argello desiste de candidatura a distrital"},"content":{"rendered":"<p><span style=\"font-weight: 400\">Filho do ex-senador Gim Argello, preso desde abril de 2016 <\/span><span style=\"font-weight: 400\">por vender facilidades na CPI da Petrobras a empresas investigadas na Opera\u00e7\u00e3o Lava-Jato, Jorginho Argello (PRB) desistiu da candidatura a deputado distrital. Em uma publica\u00e7\u00e3o no Facebook, ele disse que tomou a decis\u00e3o com base em conselhos do pai, da m\u00e3e e do ex-governador Jos\u00e9 Roberto Arruda (PR).<\/span><\/p>\n<p>&nbsp;<\/p>\n<blockquote><p><span style=\"font-weight: 400\">O <em>post<\/em> data deste domingo (13\/05). Nele, Jorginho conta que, a princ\u00edpio, Gim ficou \u201ccontente\u201d com a possibilidade de o filho \u201cdar continuidade a projetos t\u00e3o brilhantes\u201d realizados por ele na cidade. Com o passar do tempo, entretanto, tentou convenc\u00ea-lo a abrir m\u00e3o da corrida eleitoral. \u201cAfinal, ele n\u00e3o est\u00e1 aqui para me assistir nessa jornada, que \u00e9 muito importante e decisiva na vida de uma pessoa\u201d.<\/span><\/p>\n<p>&nbsp;<\/p><\/blockquote>\n<p><span style=\"font-weight: 400\">Em complemento, Arruda teria dito ao pr\u00e9-candidato que \u201cainda n\u00e3o era o melhor momento, e que a melhor atitude agora seria esperar toda a fam\u00edlia estar reunida novamente\u201d. Jorginho ainda apontou que, por ora, seria inadequado se afastar do comando das empresas da fam\u00edlia.<\/span><\/p>\n<p>&nbsp;<\/p>\n<figure id=\"attachment_11351\" aria-describedby=\"caption-attachment-11351\" style=\"width: 271px\" class=\"wp-caption aligncenter\"><a href=\"https:\/\/blogs.correiobraziliense.com.br\/cbpoder\/wp-content\/uploads\/sites\/5\/2018\/05\/Nota.jpg\" rel=\"attachment wp-att-11351\"><img loading=\"lazy\" decoding=\"async\" class=\"wp-image-11351 size-medium\" src=\"https:\/\/blogs.correiobraziliense.com.br\/cbpoder\/wp-content\/uploads\/sites\/5\/2018\/05\/Nota-271x300.jpg\" alt=\"\" width=\"271\" height=\"300\" srcset=\"https:\/\/blogs.correiobraziliense.com.br\/cbpoder\/wp-content\/uploads\/sites\/5\/2018\/05\/Nota-271x300.jpg 271w, https:\/\/blogs.correiobraziliense.com.br\/cbpoder\/wp-content\/uploads\/sites\/5\/2018\/05\/Nota-768x849.jpg 768w, https:\/\/blogs.correiobraziliense.com.br\/cbpoder\/wp-content\/uploads\/sites\/5\/2018\/05\/Nota-316x350.jpg 316w, https:\/\/blogs.correiobraziliense.com.br\/cbpoder\/wp-content\/uploads\/sites\/5\/2018\/05\/Nota-550x608.jpg 550w, https:\/\/blogs.correiobraziliense.com.br\/cbpoder\/wp-content\/uploads\/sites\/5\/2018\/05\/Nota-230x254.jpg 230w, https:\/\/blogs.correiobraziliense.com.br\/cbpoder\/wp-content\/uploads\/sites\/5\/2018\/05\/Nota.jpg 868w\" sizes=\"auto, (max-width: 271px) 100vw, 271px\" \/><\/a><figcaption id=\"caption-attachment-11351\" class=\"wp-caption-text\">Cr\u00e9dito: Reprodu\u00e7\u00e3o\/Facebook | \u00cdntegra da nota de Jorginho Argello, publicada no \u00faltimo domingo<\/figcaption><\/figure>\n<p>&nbsp;<\/p>\n<p><b>Gim Argello atr\u00e1s das grades<\/b><\/p>\n<p>&nbsp;<\/p>\n<p><span style=\"font-weight: 400\">Gim est\u00e1 preso desde abril de 2016, durante a Opera\u00e7\u00e3o Vit\u00f3ria de Pirro, no \u00e2mbito da Lava-Jato. De acordo com o Minist\u00e9rio P\u00fablico Federal (MPF), ele recebia dinheiro de dirigentes de empreiteiras para n\u00e3o convoc\u00e1-los a depor em Comiss\u00f5es Parlamentares de Inqu\u00e9rito (CPIs) instauradas no Congresso Nacional para apurar crimes ocorridos na Petrobras. Jorginho Argello tamb\u00e9m era alvo do processo, mas acabou absolvido por falta de provas.<\/span><\/p>\n<p>&nbsp;<\/p>\n<p><span style=\"font-weight: 400\">Em outubro de 2016, o juiz S\u00e9rgio Moro condenou Gim Argello a 19 anos de pris\u00e3o por corrup\u00e7\u00e3o passiva, lavagem de dinheiro e obstru\u00e7\u00e3o \u00e0 Justi\u00e7a. No entanto, em novembro de 2017, o Tribunal Regional Federal (TRF) da 4\u00aa Regi\u00e3o anulou a condena\u00e7\u00e3o por obstru\u00e7\u00e3o e reduziu a pena do ex-senador para 11 anos e 8 meses. Por ter cumprido um sexto da pena, Gim poderia passar para o regime semiaberto, mas, como n\u00e3o quitou a multa de R$ 1,495 milh\u00e3o determinada pela Justi\u00e7a, segue preso no Complexo M\u00e9dico Penal de Pinhais, no Paran\u00e1.<\/span><\/p>\n","protected":false},"excerpt":{"rendered":"<p>Filho do ex-senador Gim Argello, preso desde abril de 2016 por vender facilidades na CPI da Petrobras a empresas investigadas na Opera\u00e7\u00e3o Lava-Jato, Jorginho Argello (PRB) desistiu da candidatura a deputado distrital. Em uma publica\u00e7\u00e3o no Facebook, ele disse que tomou a decis\u00e3o com base em conselhos do pai, da m\u00e3e e do ex-governador Jos\u00e9 Roberto Arruda (PR). &nbsp; O [&hellip;]<\/p>\n","protected":false},"author":90,"featured_media":11352,"comment_status":"open","ping_status":"closed","sticky":false,"template":"","format":"standard","meta":{"footnotes":""},"categories":[234],"tags":[36,807,783,1263],"class_list":["post-11350","post","type-post","status-publish","format-standard","has-post-thumbnail","hentry","category-cb-poder","tag-distrital","tag-eleicoes-2018","tag-gim-argello","tag-jorginho-argello"],"_links":{"self":[{"href":"https:\/\/blogs.correiobraziliense.com.br\/cbpoder\/wp-json\/wp\/v2\/posts\/11350","targetHints":{"allow":["GET"]}}],"collection":[{"href":"https:\/\/blogs.correiobraziliense.com.br\/cbpoder\/wp-json\/wp\/v2\/posts"}],"about":[{"href":"https:\/\/blogs.correiobraziliense.com.br\/cbpoder\/wp-json\/wp\/v2\/types\/post"}],"author":[{"embeddable":true,"href":"https:\/\/blogs.correiobraziliense.com.br\/cbpoder\/wp-json\/wp\/v2\/users\/90"}],"replies":[{"embeddable":true,"href":"https:\/\/blogs.correiobraziliense.com.br\/cbpoder\/wp-json\/wp\/v2\/comments?post=11350"}],"version-history":[{"count":1,"href":"https:\/\/blogs.correiobraziliense.com.br\/cbpoder\/wp-json\/wp\/v2\/posts\/11350\/revisions"}],"predecessor-version":[{"id":11353,"href":"https:\/\/blogs.correiobraziliense.com.br\/cbpoder\/wp-json\/wp\/v2\/posts\/11350\/revisions\/11353"}],"wp:featuredmedia":[{"embeddable":true,"href":"https:\/\/blogs.correiobraziliense.com.br\/cbpoder\/wp-json\/wp\/v2\/media\/11352"}],"wp:attachment":[{"href":"https:\/\/blogs.correiobraziliense.com.br\/cbpoder\/wp-json\/wp\/v2\/media?parent=11350"}],"wp:term":[{"taxonomy":"category","embeddable":true,"href":"https:\/\/blogs.correiobraziliense.com.br\/cbpoder\/wp-json\/wp\/v2\/categories?post=11350"},{"taxonomy":"post_tag","embeddable":true,"href":"https:\/\/blogs.correiobraziliense.com.br\/cbpoder\/wp-json\/wp\/v2\/tags?post=11350"}],"curies":[{"name":"wp","href":"https:\/\/api.w.org\/{rel}","templated":true}]}}