{"id":11323,"date":"2018-05-11T18:08:07","date_gmt":"2018-05-11T21:08:07","guid":{"rendered":"https:\/\/blogs.correiobraziliense.com.br\/cbpoder\/?p=11323"},"modified":"2018-05-11T18:30:26","modified_gmt":"2018-05-11T21:30:26","slug":"arruda-agnelo-e-filippelli-estao-entre-os-alvos-da-operacao-que-investiga-fraudes-no-brt-sul","status":"publish","type":"post","link":"https:\/\/blogs.correiobraziliense.com.br\/cbpoder\/arruda-agnelo-e-filippelli-estao-entre-os-alvos-da-operacao-que-investiga-fraudes-no-brt-sul\/","title":{"rendered":"Arruda, Agnelo e Filippelli est\u00e3o entre os alvos da opera\u00e7\u00e3o que investiga fraudes no BRT Sul"},"content":{"rendered":"<p><strong>Ana Maria Campos<\/strong><\/p>\n<p><strong>Ana Viriato<\/strong><\/p>\n<p>&nbsp;<\/p>\n<p>Os ex-governadores Jos\u00e9 Roberto Arruda (PR) e Agnelo Queiroz (PT), al\u00e9m do ex-vice-governador Tadeu Filippelli (MDB), est\u00e3o entre os 15 alvos dos mandados de busca e apreens\u00e3o da segunda fase da Opera\u00e7\u00e3o Panatenaico, deflagrada nesta sexta-feira (11\/05), <a href=\"https:\/\/blogs.correiobraziliense.com.br\/cbpoder\/pf-mira-superfaturamento-do-brt-sul-na-2a-fase-da-operacao-panatenaico\/\">para investigar o direcionamento da licita\u00e7\u00e3o e o superfaturamento de R$ 208 milh\u00f5es do BRT Sul<\/a>. Segundo dela\u00e7\u00e3o premiada do ex-executivo da Andrade Gutierrez Rodrigo Ferreira Lopes, petista e emedebista receberam ao menos R$ 8 milh\u00f5es em propina com as obras.<\/p>\n<p>&nbsp;<\/p>\n<p>Entre os alvos\u00a0das investiga\u00e7\u00f5es est\u00e1, ainda, a\u00a0AB Produ\u00e7\u00f5es \u2014 Canto do Cerrado Filmes. Segundo o delator, a Andrade firmou contrato de fachada de R$ 1,6 milh\u00e3o com a empresa, indicada por Tadeu Filippelli. Seria uma forma de lavar o dinheiro de propina destinado ao ex-vice-governador, aponta a declara\u00e7\u00e3o. Os mandados de busca e apreens\u00e3o foram cumpridos no Distrito Federal e em S\u00e3o Paulo. A casa do ex-secret\u00e1rio de Obras na gest\u00e3o de Arruda, M\u00e1rcio Machado (PSDB), tamb\u00e9m sofreu as buscas e apreens\u00f5es.<\/p>\n<p>&nbsp;<\/p>\n<figure id=\"attachment_11328\" aria-describedby=\"caption-attachment-11328\" style=\"width: 300px\" class=\"wp-caption aligncenter\"><a href=\"https:\/\/blogs.correiobraziliense.com.br\/cbpoder\/wp-content\/uploads\/sites\/5\/2018\/05\/AB-Produ\u00e7\u00f5es.jpeg\" rel=\"attachment wp-att-11328\"><img loading=\"lazy\" decoding=\"async\" class=\"wp-image-11328 size-medium\" src=\"https:\/\/blogs.correiobraziliense.com.br\/cbpoder\/wp-content\/uploads\/sites\/5\/2018\/05\/AB-Produ\u00e7\u00f5es-300x225.jpeg\" alt=\"AB Produ\u00e7\u00f5es\" width=\"300\" height=\"225\" srcset=\"https:\/\/blogs.correiobraziliense.com.br\/cbpoder\/wp-content\/uploads\/sites\/5\/2018\/05\/AB-Produ\u00e7\u00f5es-300x225.jpeg 300w, https:\/\/blogs.correiobraziliense.com.br\/cbpoder\/wp-content\/uploads\/sites\/5\/2018\/05\/AB-Produ\u00e7\u00f5es-768x576.jpeg 768w, https:\/\/blogs.correiobraziliense.com.br\/cbpoder\/wp-content\/uploads\/sites\/5\/2018\/05\/AB-Produ\u00e7\u00f5es-1024x768.jpeg 1024w, https:\/\/blogs.correiobraziliense.com.br\/cbpoder\/wp-content\/uploads\/sites\/5\/2018\/05\/AB-Produ\u00e7\u00f5es-350x263.jpeg 350w, https:\/\/blogs.correiobraziliense.com.br\/cbpoder\/wp-content\/uploads\/sites\/5\/2018\/05\/AB-Produ\u00e7\u00f5es-550x413.jpeg 550w, https:\/\/blogs.correiobraziliense.com.br\/cbpoder\/wp-content\/uploads\/sites\/5\/2018\/05\/AB-Produ\u00e7\u00f5es-230x173.jpeg 230w, https:\/\/blogs.correiobraziliense.com.br\/cbpoder\/wp-content\/uploads\/sites\/5\/2018\/05\/AB-Produ\u00e7\u00f5es.jpeg 1280w\" sizes=\"auto, (max-width: 300px) 100vw, 300px\" \/><\/a><figcaption id=\"caption-attachment-11328\" class=\"wp-caption-text\">Cr\u00e9dito: Ana Rayssa | As buscas na AB Produ\u00e7\u00f5es come\u00e7aram nas primeiras horas da manh\u00e3<\/figcaption><\/figure>\n<p>&nbsp;<\/p>\n<p>O edital de licita\u00e7\u00e3o para a escolha das empresas que ficariam respons\u00e1veis pela constru\u00e7\u00e3o do corredor do BRT Sul saiu quando Jos\u00e9 Roberto Arruda estava \u00e0 frente do Pal\u00e1cio do Buriti, em 2008. As obras, contudo, come\u00e7aram apenas em 2011, na gest\u00e3o do ex-governador Agnelo Queiroz e do vice Tadeu Filippelli. O Cons\u00f3rcio respons\u00e1vel pela implementa\u00e7\u00e3o do sistema de transporte expresso foi integrado pelas empresas Via Engenharia, OAS, Andrade Gutierrez e Setepla Tecnometal Engenharia.<\/p>\n<p>&nbsp;<\/p>\n<blockquote><p>De acordo com a Pol\u00edcia Federal e o MPF, laudos realizados pela corpora\u00e7\u00e3o constataram o direcionamento e a fraude no processo licitat\u00f3rio, enquanto auditorias realizadas pelo Tribunal de Contas do DF (TCDF) e pela Controladoria Geral do DF apontaram um superfaturamento de R$ 208. 762.412,60, cerca de 25% do custo total do empreendimento fraudado.<\/p>\n<p>&nbsp;<\/p><\/blockquote>\n<h2>Rateio de propina<\/h2>\n<h2><\/h2>\n<p>De acordo com as declara\u00e7\u00f5es de Rodrigo Ferreira Lopes prestadas ao Minist\u00e9rio P\u00fablico Federal (MPF) em 2016, durante a corrida eleitoral de 2010, Agnelo e Filippelli procuraram representantes das empresas que compunham o \u201ccartel\u201d do BRT Sul para requisitar propina de R$ 500 mil em cada turno da campanha. Em contrapartida, os ent\u00e3o postulantes ao Pal\u00e1cio do Buriti manteriam o \u201cacordo de mercado\u201d estabelecido na gest\u00e3o de Arruda, que dividida as maiores obras do DF entre as principais empreiteiras.<\/p>\n<p>&nbsp;<\/p>\n<p>Ao assumir o governo, os repasses continuaram, contou o ex-executivo. A suposta propina equivale a 4% do valor total recebido pela Andrade nas obras do BRT Sul. Rodrigo destacou que, no caso do direcionamento de verbas para o MDB, parte dos repasses ocorreu em esp\u00e9cie; outra fatia em contratos simulados de presta\u00e7\u00e3o de servi\u00e7o com empresas indicadas por Filippelli; e a \u00faltima por meio de doa\u00e7\u00f5es oficiais.<\/p>\n<p>&nbsp;<\/p>\n<p><a href=\"https:\/\/www.correiobraziliense.com.br\/app\/noticia\/cidades\/2017\/06\/01\/interna_cidadesdf,599299\/operacao-panatenaico-sistema-de-transporte-esta-sob-suspeita-de-fraud.shtml\">A exemplo, em meio \u00e0s negocia\u00e7\u00f5es do sistema de transporte expresso, a Andrade Gutierrez firmou contrato simulado, no valor de R$ 900 mil, com a consultora Logit, a pedido de Filippelli<\/a>. Sob a justificativa do recebimento de consultorias em engenharia de tr\u00e1fego e mobilidade urbana, a empresa realizou o repasse por meio de tr\u00eas boletos de R$ 300 mil, cada. Dois deles mencionam estudos relativos ao \u201cArco do Tiet\u00ea, em S\u00e3o Paulo\u201d. A empresa, inclusive, \u00e9 paulista e fica no bairro de Pinheiros. Firmado em 21 de outubro de 2013, o contrato \u00e9 assinado pelo delator Rodrigo Ferreira e pelo s\u00f3cio-propriet\u00e1rio da Logit Wagner Colombini Martins.<\/p>\n<p>&nbsp;<\/p>\n<p>O delator ainda levantou a suspeita de que a OAS e a Via Engenharia, integrantes do cons\u00f3rcio que tocou as obras do sistema de transporte, tamb\u00e9m pagaram R$ 8 milh\u00f5es, cada. Assim, o total de propina recebida por Agnelo e Filippelli pode atingir R$ 24 milh\u00f5es.<\/p>\n<p>&nbsp;<\/p>\n<h2>O outro lado<\/h2>\n<p>&nbsp;<\/p>\n<p>Em nota, Luis Henrique Machado, advogado de Arruda, afirmou que &#8220;nenhuma obra investigada no \u00e2mbito da opera\u00e7\u00e3o foi realizada no Governo Arruda e que o mesmo se encontra \u00e0 disposi\u00e7\u00e3o das autoridades para prestar todos os esclarecimentos necess\u00e1rios para elucida\u00e7\u00e3o dos fatos&#8221;. As defesas de Agnelo e Filippelli disseram que n\u00e3o se posicionariam, porque n\u00e3o tiveram acesso aos autos.<\/p>\n","protected":false},"excerpt":{"rendered":"<p>Ana Maria Campos Ana Viriato &nbsp; Os ex-governadores Jos\u00e9 Roberto Arruda (PR) e Agnelo Queiroz (PT), al\u00e9m do ex-vice-governador Tadeu Filippelli (MDB), est\u00e3o entre os 15 alvos dos mandados de busca e apreens\u00e3o da segunda fase da Opera\u00e7\u00e3o Panatenaico, deflagrada nesta sexta-feira (11\/05), para investigar o direcionamento da licita\u00e7\u00e3o e o superfaturamento de R$ 208 milh\u00f5es do BRT Sul. Segundo [&hellip;]<\/p>\n","protected":false},"author":90,"featured_media":6312,"comment_status":"open","ping_status":"closed","sticky":false,"template":"","format":"standard","meta":{"footnotes":""},"categories":[234],"tags":[358,1260,1258,1259,61,792,803,1117],"class_list":["post-11323","post","type-post","status-publish","format-standard","has-post-thumbnail","hentry","category-cb-poder","tag-agnelo-queiroz","tag-andrade-gutierrez","tag-brt-sul","tag-jose-roberto-arruda","tag-lava-jato","tag-oas","tag-operacao-panatenaico","tag-via-engenharia"],"_links":{"self":[{"href":"https:\/\/blogs.correiobraziliense.com.br\/cbpoder\/wp-json\/wp\/v2\/posts\/11323","targetHints":{"allow":["GET"]}}],"collection":[{"href":"https:\/\/blogs.correiobraziliense.com.br\/cbpoder\/wp-json\/wp\/v2\/posts"}],"about":[{"href":"https:\/\/blogs.correiobraziliense.com.br\/cbpoder\/wp-json\/wp\/v2\/types\/post"}],"author":[{"embeddable":true,"href":"https:\/\/blogs.correiobraziliense.com.br\/cbpoder\/wp-json\/wp\/v2\/users\/90"}],"replies":[{"embeddable":true,"href":"https:\/\/blogs.correiobraziliense.com.br\/cbpoder\/wp-json\/wp\/v2\/comments?post=11323"}],"version-history":[{"count":7,"href":"https:\/\/blogs.correiobraziliense.com.br\/cbpoder\/wp-json\/wp\/v2\/posts\/11323\/revisions"}],"predecessor-version":[{"id":11333,"href":"https:\/\/blogs.correiobraziliense.com.br\/cbpoder\/wp-json\/wp\/v2\/posts\/11323\/revisions\/11333"}],"wp:featuredmedia":[{"embeddable":true,"href":"https:\/\/blogs.correiobraziliense.com.br\/cbpoder\/wp-json\/wp\/v2\/media\/6312"}],"wp:attachment":[{"href":"https:\/\/blogs.correiobraziliense.com.br\/cbpoder\/wp-json\/wp\/v2\/media?parent=11323"}],"wp:term":[{"taxonomy":"category","embeddable":true,"href":"https:\/\/blogs.correiobraziliense.com.br\/cbpoder\/wp-json\/wp\/v2\/categories?post=11323"},{"taxonomy":"post_tag","embeddable":true,"href":"https:\/\/blogs.correiobraziliense.com.br\/cbpoder\/wp-json\/wp\/v2\/tags?post=11323"}],"curies":[{"name":"wp","href":"https:\/\/api.w.org\/{rel}","templated":true}]}}