{"id":11302,"date":"2018-05-10T15:55:10","date_gmt":"2018-05-10T18:55:10","guid":{"rendered":"https:\/\/blogs.correiobraziliense.com.br\/cbpoder\/?p=11302"},"modified":"2018-05-10T18:22:57","modified_gmt":"2018-05-10T21:22:57","slug":"ministro-fux-manda-denuncia-da-pandora-contra-nemer-para-a-primeira-instancia","status":"publish","type":"post","link":"https:\/\/blogs.correiobraziliense.com.br\/cbpoder\/ministro-fux-manda-denuncia-da-pandora-contra-nemer-para-a-primeira-instancia\/","title":{"rendered":"Ministro Fux manda den\u00fancia da Pandora contra R\u00f4ney Nemer para a primeira inst\u00e2ncia"},"content":{"rendered":"<p>ANA MARIA CAMPOS<\/p>\n<p>ANA VIRIATO<\/p>\n<p>O ministro Luiz Fux, do Supremo Tribunal Federal, mandou para a primeira inst\u00e2ncia a den\u00fancia por corrup\u00e7\u00e3o passiva contra o deputado federal R\u00f4ney Nemer (PP\/DF) relacionada \u00e0 Opera\u00e7\u00e3o Caixa de Pandora. Essa \u00e9 mais uma decis\u00e3o envolvendo parlamentares relacionada \u00e0 restri\u00e7\u00e3o do foro especial. Pela jurisprud\u00eancia atual, apenas crimes cometidos durante o mandato e relacionados ao cargo s\u00e3o processados com foro no STF.<\/p>\n<p>&nbsp;<\/p>\n<blockquote><p>R\u00f4ney Nemer \u00e9 um dos ex-deputados distritais acusados pelos promotores do Grupo de Atua\u00e7\u00e3o Especial de Combate ao Crime Organizado (Gaeco) de receber dinheiro no governo de Jos\u00e9 Roberto Arruda (PR) em troca de apoio pol\u00edtico. Ele foi citado por Arruda em conversa gravada pelo delator da Opera\u00e7\u00e3o Caixa de Pandora durante a\u00e7\u00e3o controlada autorizada pelo Superior Tribunal de Justi\u00e7a (STJ), na resid\u00eancia oficial de \u00c1guas Claras, em setembro de 2009.<\/p>\n<p>&nbsp;<\/p><\/blockquote>\n<p>O processo foi remetido ao STF em mar\u00e7o de 2015 em decorr\u00eancia da elei\u00e7\u00e3o de Nemer como deputado federal. Ele passou a ter foro especial no STF. Agora, responder\u00e1 perante a 7\u00aa Vara Criminal de Bras\u00edlia, como os demais envolvidos no caso.<\/p>\n<p>&nbsp;<\/p>\n<p>Na esfera c\u00edvel, R\u00f4ney Nemer tem condena\u00e7\u00e3o por improbidade administrativa em segunda inst\u00e2ncia, o que at\u00e9 o momento o impede, com base na Lei da Ficha Limpa, de concorrer nas pr\u00f3ximas elei\u00e7\u00f5es.<\/p>\n<p>&nbsp;<\/p>\n<p>Em nota, o deputado federal afirmou acreditar e confiar &#8220;na justi\u00e7a independentemente de qual seja a inst\u00e2ncia&#8221;. &#8220;Depois de todos os depoimentos colhidos e das investiga\u00e7\u00f5es conclu\u00eddas, tenho certeza que minha inoc\u00eancia ser\u00e1 provada&#8221;, destacou.<\/p>\n<p>&nbsp;<\/p>\n","protected":false},"excerpt":{"rendered":"<p>ANA MARIA CAMPOS ANA VIRIATO O ministro Luiz Fux, do Supremo Tribunal Federal, mandou para a primeira inst\u00e2ncia a den\u00fancia por corrup\u00e7\u00e3o passiva contra o deputado federal R\u00f4ney Nemer (PP\/DF) relacionada \u00e0 Opera\u00e7\u00e3o Caixa de Pandora. Essa \u00e9 mais uma decis\u00e3o envolvendo parlamentares relacionada \u00e0 restri\u00e7\u00e3o do foro especial. Pela jurisprud\u00eancia atual, apenas crimes cometidos durante o mandato e relacionados [&hellip;]<\/p>\n","protected":false},"author":9,"featured_media":11303,"comment_status":"open","ping_status":"closed","sticky":false,"template":"","format":"standard","meta":{"footnotes":""},"categories":[234],"tags":[729,1257,149],"class_list":["post-11302","post","type-post","status-publish","format-standard","has-post-thumbnail","hentry","category-cb-poder","tag-caixa-de-pandora","tag-luiz-fux-restricao-do-foro","tag-stf"],"_links":{"self":[{"href":"https:\/\/blogs.correiobraziliense.com.br\/cbpoder\/wp-json\/wp\/v2\/posts\/11302","targetHints":{"allow":["GET"]}}],"collection":[{"href":"https:\/\/blogs.correiobraziliense.com.br\/cbpoder\/wp-json\/wp\/v2\/posts"}],"about":[{"href":"https:\/\/blogs.correiobraziliense.com.br\/cbpoder\/wp-json\/wp\/v2\/types\/post"}],"author":[{"embeddable":true,"href":"https:\/\/blogs.correiobraziliense.com.br\/cbpoder\/wp-json\/wp\/v2\/users\/9"}],"replies":[{"embeddable":true,"href":"https:\/\/blogs.correiobraziliense.com.br\/cbpoder\/wp-json\/wp\/v2\/comments?post=11302"}],"version-history":[{"count":6,"href":"https:\/\/blogs.correiobraziliense.com.br\/cbpoder\/wp-json\/wp\/v2\/posts\/11302\/revisions"}],"predecessor-version":[{"id":11310,"href":"https:\/\/blogs.correiobraziliense.com.br\/cbpoder\/wp-json\/wp\/v2\/posts\/11302\/revisions\/11310"}],"wp:featuredmedia":[{"embeddable":true,"href":"https:\/\/blogs.correiobraziliense.com.br\/cbpoder\/wp-json\/wp\/v2\/media\/11303"}],"wp:attachment":[{"href":"https:\/\/blogs.correiobraziliense.com.br\/cbpoder\/wp-json\/wp\/v2\/media?parent=11302"}],"wp:term":[{"taxonomy":"category","embeddable":true,"href":"https:\/\/blogs.correiobraziliense.com.br\/cbpoder\/wp-json\/wp\/v2\/categories?post=11302"},{"taxonomy":"post_tag","embeddable":true,"href":"https:\/\/blogs.correiobraziliense.com.br\/cbpoder\/wp-json\/wp\/v2\/tags?post=11302"}],"curies":[{"name":"wp","href":"https:\/\/api.w.org\/{rel}","templated":true}]}}