{"id":11299,"date":"2018-05-10T10:52:55","date_gmt":"2018-05-10T13:52:55","guid":{"rendered":"https:\/\/blogs.correiobraziliense.com.br\/cbpoder\/?p=11299"},"modified":"2018-05-10T16:26:50","modified_gmt":"2018-05-10T19:26:50","slug":"denuncia-contra-conselheiro-do-tcdf-vai-definir-regra-de-foro-no-stj","status":"publish","type":"post","link":"https:\/\/blogs.correiobraziliense.com.br\/cbpoder\/denuncia-contra-conselheiro-do-tcdf-vai-definir-regra-de-foro-no-stj\/","title":{"rendered":"Den\u00fancia contra conselheiro do TCDF vai definir regra de foro no STJ"},"content":{"rendered":"<p>IANA MARIA CAMPOS<\/p>\n<p>A a\u00e7\u00e3o penal contra o deputado Alberto Fraga (DEM\/DF) por porte ilegal de muni\u00e7\u00e3o virou o primeiro caso de perda do foro especial depois da decis\u00e3o do Supremo Tribunal Federal (STF) sobre o fim do privil\u00e9gio para membros do Congresso Nacional.<\/p>\n<p>Agora, o Superior Tribunal de Justi\u00e7a (STJ) vai estrear, em outro processo do Distrito Federal, o entendimento sobre restri\u00e7\u00e3o de foro em processos origin\u00e1rios naquela corte.<\/p>\n<p>Est\u00e1 na pauta da pr\u00f3xima quarta-feira (16\/05) da Corte Especial do STJ uma den\u00fancia contra o conselheiro M\u00e1rcio Michel, do Tribunal de Contas do DF, por suposto uso indevido de recursos da verba indenizat\u00f3ria da C\u00e2mara Legislativa.<\/p>\n<p>O relator do caso, ministro Mauro Campbell Marques, abriu ontem (09\/05) prazo de cinco dias para a manifesta\u00e7\u00e3o do Minist\u00e9rio P\u00fablico Federal sobre a perman\u00eancia do processo no STJ, uma vez que o fato ocorreu quando Michel era deputado distrital.<\/p>\n<p>\u00c9 poss\u00edvel que o STJ nem analise o recebimento da den\u00fancia contra o conselheiro e envie o caso para a primeira inst\u00e2ncia.<\/p>\n<p>Na a\u00e7\u00e3o, de abril do ano passado, o conselheiro M\u00e1rcio Michel \u00e9 acusado pela Procuradoria-geral da Rep\u00fablica do crime de estelionato contra a administra\u00e7\u00e3o p\u00fablica. Tamb\u00e9m foi denunciado o ex-assessor da administra\u00e7\u00e3o da Fercal Fernando Augusto de Oliveira, nomeado em 2012 por indica\u00e7\u00e3o de Michel.<\/p>\n<p>Ele aparece como propriet\u00e1rio da empresa Oliveira Loca\u00e7\u00e3o de Ve\u00edculos Ltda. O ent\u00e3o deputado distrital Dr. Michel alugou uma Toyota Hilux dessa firma. Mas, segundo o Minist\u00e9rio P\u00fablico, \u201ca empresa n\u00e3o possu\u00eda atividade, constituindo-se em meio fraudulento para que o primeiro denunciado (Dr. Michel) obtivesse ressarcimento dos valores dos alugu\u00e9is em preju\u00edzo da administra\u00e7\u00e3o p\u00fablica\u201d.<\/p>\n","protected":false},"excerpt":{"rendered":"<p>IANA MARIA CAMPOS A a\u00e7\u00e3o penal contra o deputado Alberto Fraga (DEM\/DF) por porte ilegal de muni\u00e7\u00e3o virou o primeiro caso de perda do foro especial depois da decis\u00e3o do Supremo Tribunal Federal (STF) sobre o fim do privil\u00e9gio para membros do Congresso Nacional. Agora, o Superior Tribunal de Justi\u00e7a (STJ) vai estrear, em outro processo do Distrito Federal, o [&hellip;]<\/p>\n","protected":false},"author":9,"featured_media":9803,"comment_status":"open","ping_status":"closed","sticky":false,"template":"","format":"standard","meta":{"footnotes":""},"categories":[234],"tags":[681,1255,215,143],"class_list":["post-11299","post","type-post","status-publish","format-standard","has-post-thumbnail","hentry","category-cb-poder","tag-marcio-michel","tag-restricao-de-foro","tag-stj","tag-tcdf"],"_links":{"self":[{"href":"https:\/\/blogs.correiobraziliense.com.br\/cbpoder\/wp-json\/wp\/v2\/posts\/11299","targetHints":{"allow":["GET"]}}],"collection":[{"href":"https:\/\/blogs.correiobraziliense.com.br\/cbpoder\/wp-json\/wp\/v2\/posts"}],"about":[{"href":"https:\/\/blogs.correiobraziliense.com.br\/cbpoder\/wp-json\/wp\/v2\/types\/post"}],"author":[{"embeddable":true,"href":"https:\/\/blogs.correiobraziliense.com.br\/cbpoder\/wp-json\/wp\/v2\/users\/9"}],"replies":[{"embeddable":true,"href":"https:\/\/blogs.correiobraziliense.com.br\/cbpoder\/wp-json\/wp\/v2\/comments?post=11299"}],"version-history":[{"count":2,"href":"https:\/\/blogs.correiobraziliense.com.br\/cbpoder\/wp-json\/wp\/v2\/posts\/11299\/revisions"}],"predecessor-version":[{"id":11306,"href":"https:\/\/blogs.correiobraziliense.com.br\/cbpoder\/wp-json\/wp\/v2\/posts\/11299\/revisions\/11306"}],"wp:featuredmedia":[{"embeddable":true,"href":"https:\/\/blogs.correiobraziliense.com.br\/cbpoder\/wp-json\/wp\/v2\/media\/9803"}],"wp:attachment":[{"href":"https:\/\/blogs.correiobraziliense.com.br\/cbpoder\/wp-json\/wp\/v2\/media?parent=11299"}],"wp:term":[{"taxonomy":"category","embeddable":true,"href":"https:\/\/blogs.correiobraziliense.com.br\/cbpoder\/wp-json\/wp\/v2\/categories?post=11299"},{"taxonomy":"post_tag","embeddable":true,"href":"https:\/\/blogs.correiobraziliense.com.br\/cbpoder\/wp-json\/wp\/v2\/tags?post=11299"}],"curies":[{"name":"wp","href":"https:\/\/api.w.org\/{rel}","templated":true}]}}