{"id":11278,"date":"2018-05-04T15:32:40","date_gmt":"2018-05-04T18:32:40","guid":{"rendered":"https:\/\/blogs.correiobraziliense.com.br\/cbpoder\/?p=11278"},"modified":"2018-05-04T15:42:19","modified_gmt":"2018-05-04T18:42:19","slug":"com-fim-do-foro-stf-manda-denuncia-contra-fraga-por-porte-ilegal-de-municao-para-o-tjdft","status":"publish","type":"post","link":"https:\/\/blogs.correiobraziliense.com.br\/cbpoder\/com-fim-do-foro-stf-manda-denuncia-contra-fraga-por-porte-ilegal-de-municao-para-o-tjdft\/","title":{"rendered":"Com fim do foro, STF manda den\u00fancia contra Fraga por porte ilegal de muni\u00e7\u00e3o para o TJDFT"},"content":{"rendered":"<p>ANA MARIA CAMPOS<\/p>\n<p>&nbsp;<\/p>\n<p>O ministro Dias Toffoli, do Supremo Tribunal Federal (STF), decidiu hoje (04\/05) encaminhar \u00e0 primeira inst\u00e2ncia um processo contra o deputado Alberto Fraga (DEM\/DF) que estava pendente de julgamento. Esta \u00e9 uma das primeiras consequ\u00eancias da decis\u00e3o tomada ontem (03\/05) pelo plen\u00e1rio do STF sobre o fim do foro privilegiado para deputados e senadores quando o crime for cometido fora do exerc\u00edcio do mandato.<\/p>\n<p>&nbsp;<\/p>\n<p>O caso ae refere a embargos infringentes opostos por Fraga no STF, em raz\u00e3o do foro especial, contra condena\u00e7\u00e3o a quatro anos de deten\u00e7\u00e3o em regime aberto por porte ilegal de muni\u00e7\u00e3o. A pena n\u00e3o foi executada porque dependia do julgamento do recurso pelo STF.<\/p>\n<p>&nbsp;<\/p>\n<p>Com o processo baixado para a primeira inst\u00e2ncia, a pena passa a valer, assim que o processo retornar ao Tribunal de Justi\u00e7a do DF.<\/p>\n<p>&nbsp;<\/p>\n<p>No despacho, Toffoli ressaltou: \u201cO crime imputado ao r\u00e9u, ocorrido em 07\/10\/11 &#8211; data bem anterior \u00e0 sua diploma\u00e7\u00e3o como deputado federal, ocorrida em 07\/12\/14, n\u00e3o foi praticado no exerc\u00edcio do mandato de deputado federal\u201d.<\/p>\n","protected":false},"excerpt":{"rendered":"<p>ANA MARIA CAMPOS &nbsp; O ministro Dias Toffoli, do Supremo Tribunal Federal (STF), decidiu hoje (04\/05) encaminhar \u00e0 primeira inst\u00e2ncia um processo contra o deputado Alberto Fraga (DEM\/DF) que estava pendente de julgamento. Esta \u00e9 uma das primeiras consequ\u00eancias da decis\u00e3o tomada ontem (03\/05) pelo plen\u00e1rio do STF sobre o fim do foro privilegiado para deputados e senadores quando o [&hellip;]<\/p>\n","protected":false},"author":9,"featured_media":10144,"comment_status":"open","ping_status":"closed","sticky":false,"template":"","format":"standard","meta":{"footnotes":""},"categories":[234],"tags":[1250,81,1249,149,413],"class_list":["post-11278","post","type-post","status-publish","format-standard","has-post-thumbnail","hentry","category-cb-poder","tag-fim-do-foro","tag-fraga","tag-porte-ilegal-de-municao","tag-stf","tag-tjdft"],"_links":{"self":[{"href":"https:\/\/blogs.correiobraziliense.com.br\/cbpoder\/wp-json\/wp\/v2\/posts\/11278","targetHints":{"allow":["GET"]}}],"collection":[{"href":"https:\/\/blogs.correiobraziliense.com.br\/cbpoder\/wp-json\/wp\/v2\/posts"}],"about":[{"href":"https:\/\/blogs.correiobraziliense.com.br\/cbpoder\/wp-json\/wp\/v2\/types\/post"}],"author":[{"embeddable":true,"href":"https:\/\/blogs.correiobraziliense.com.br\/cbpoder\/wp-json\/wp\/v2\/users\/9"}],"replies":[{"embeddable":true,"href":"https:\/\/blogs.correiobraziliense.com.br\/cbpoder\/wp-json\/wp\/v2\/comments?post=11278"}],"version-history":[{"count":3,"href":"https:\/\/blogs.correiobraziliense.com.br\/cbpoder\/wp-json\/wp\/v2\/posts\/11278\/revisions"}],"predecessor-version":[{"id":11281,"href":"https:\/\/blogs.correiobraziliense.com.br\/cbpoder\/wp-json\/wp\/v2\/posts\/11278\/revisions\/11281"}],"wp:featuredmedia":[{"embeddable":true,"href":"https:\/\/blogs.correiobraziliense.com.br\/cbpoder\/wp-json\/wp\/v2\/media\/10144"}],"wp:attachment":[{"href":"https:\/\/blogs.correiobraziliense.com.br\/cbpoder\/wp-json\/wp\/v2\/media?parent=11278"}],"wp:term":[{"taxonomy":"category","embeddable":true,"href":"https:\/\/blogs.correiobraziliense.com.br\/cbpoder\/wp-json\/wp\/v2\/categories?post=11278"},{"taxonomy":"post_tag","embeddable":true,"href":"https:\/\/blogs.correiobraziliense.com.br\/cbpoder\/wp-json\/wp\/v2\/tags?post=11278"}],"curies":[{"name":"wp","href":"https:\/\/api.w.org\/{rel}","templated":true}]}}