{"id":11269,"date":"2018-05-04T11:28:34","date_gmt":"2018-05-04T14:28:34","guid":{"rendered":"https:\/\/blogs.correiobraziliense.com.br\/cbpoder\/?p=11269"},"modified":"2018-05-04T12:07:27","modified_gmt":"2018-05-04T15:07:27","slug":"mpf-pede-que-agnelo-filippelli-arruda-e-outros-nove-paguem-r-524-milhoes-por-desvios-no-mane","status":"publish","type":"post","link":"https:\/\/blogs.correiobraziliense.com.br\/cbpoder\/mpf-pede-que-agnelo-filippelli-arruda-e-outros-nove-paguem-r-524-milhoes-por-desvios-no-mane\/","title":{"rendered":"MPF pede que Agnelo, Filippelli, Arruda e outros nove paguem R$ 52,4 milh\u00f5es por desvios no Man\u00e9"},"content":{"rendered":"<p>Nas den\u00fancias pelo superfaturamento do Est\u00e1dio Nacional Man\u00e9 Garrincha contra os ex-governadores Agnelo Queiroz (PT) e Jos\u00e9 Roberto Arruda (PR), al\u00e9m do ex-vice-governador Tadeu Filippelli (MDB) e outras nove pessoas, o Minist\u00e9rio P\u00fablico Federal (MPF) pede o pagamento de R$ 52,4 milh\u00f5es aos cofres p\u00fablicos pelos r\u00e9us. Desse valor, R$ 34,8 milh\u00f5es referem-se \u00e0 repara\u00e7\u00e3o de danos materiais pelos atos irregulares e os demais R$ 17,6 milh\u00f5es decorrem dos danos materiais causados pela corrup\u00e7\u00e3o, como o desequil\u00edbrio da ordem econ\u00f4mica, por exemplo. A requisi\u00e7\u00e3o tem de ser deferida pela Justi\u00e7a.<\/p>\n<p>&nbsp;<\/p>\n<blockquote><p><span style=\"font-weight: 400\">Conforme o <\/span><b>Correio <\/b><span style=\"font-weight: 400\">mostrou em primeira m\u00e3o no \u00faltimo m\u00eas, <a href=\"https:\/\/www.correiobraziliense.com.br\/app\/noticia\/cidades\/2018\/04\/12\/interna_cidadesdf,673042\/agnelo-arruda-e-filippelli-receberam-r-16-6-milhoes-com-mane-aponta.shtml\" target=\"_blank\">o MPF contabiliza que\u00a0Agnelo, Arruda e Filippelli tenham embolsado ao menos R$ 16,6 milh\u00f5es com os desvios de recursos durante as obras da arena esportiva<\/a>. O recebimento de propina era garantido pela costura de uma \u201cacordo de mercado\u201d, no qual as principais obras da capital eram divididas entre as maiores empreiteiras do pa\u00eds, diz o \u00f3rg\u00e3o ministerial. <\/span><\/p>\n<p>&nbsp;<\/p><\/blockquote>\n<p><span style=\"font-weight: 400\">A Agnelo est\u00e3o relacionados pagamentos que totalizam R$ 6,495 milh\u00f5es. Os repasses ocorreram por meio de doa\u00e7\u00f5es ao PT e a uma igreja; do atendimento a uma lista de exig\u00eancias, como a contrata\u00e7\u00e3o de servi\u00e7os de clipping e a compra de ingressos para jogos; e de dois supostos operadores, o empres\u00e1rio Jorge Salom\u00e3o e o advogado Lu\u00eds Carlos Alcoforado. <\/span><\/p>\n<p>&nbsp;<\/p>\n<p><span style=\"font-weight: 400\">Para Filippelli, a propina chegou a R$ 6,185 milh\u00f5es, a t\u00edtulo de doa\u00e7\u00f5es oficiais \u00e0 chapa nas elei\u00e7\u00f5es de 2014, al\u00e9m de 1% sobre o valor do contrato firmado com as empreiteiras para a constru\u00e7\u00e3o da arena. No caso de Arruda, a conta foi de R$ 3,92 milh\u00f5es, divididos em dinheiro, contratos simulados e doa\u00e7\u00f5es a par\u00f3quia, afirmam as den\u00fancias.<\/span><\/p>\n<p>&nbsp;<\/p>\n<p><span style=\"font-weight: 400\">Os tr\u00eas ex-gestores e outros nove envolvidos se tornaram r\u00e9us no \u00faltimo m\u00eas, quando a ju\u00edza Pollyanna Kelly Maciel Medeiros Martins Alves, da 12\u00aa Vara Federal, aceitou as den\u00fancias (<\/span><b>veja lista abaixo<\/b><span style=\"font-weight: 400\">).\u00a0Eles responder\u00e3o<\/span><span style=\"font-weight: 400\">, a depender dos atos de cada um, por organiza\u00e7\u00e3o criminosa, corrup\u00e7\u00e3o passiva, corrup\u00e7\u00e3o ativa, lavagem de dinheiro e fraude \u00e0 licita\u00e7\u00e3o.<\/span><\/p>\n<p>&nbsp;<\/p>\n<p><b>A trama no Man\u00e9<\/b><\/p>\n<p>&nbsp;<\/p>\n<p><span style=\"font-weight: 400\">Segundo o MPF, a trama come\u00e7ou em 2008, numa reuni\u00e3o na resid\u00eancia oficial de \u00c1guas Claras, convocada por Arruda, na qual se tratou a divis\u00e3o das maiores obras de Bras\u00edlia. Para evitar disputas em licita\u00e7\u00f5es, o mercado se adequou.<\/span><\/p>\n<p>&nbsp;<\/p>\n<p><span style=\"font-weight: 400\">Depois de algum tempo, pelo acordo, a constru\u00e7\u00e3o do centro esportivo ficou a cargo das empresas Andrade Gutierrez e Via Engenharia, que formaram o Cons\u00f3rcio Bras\u00edlia 2014 e a licita\u00e7\u00e3o acabou direcionada. Em troca do favorecimento, as empreiteiras pagariam ao ex-chefe do Buriti, em propina, o equivalente a 1% do valor da obra. Por conta do afastamento do poder ap\u00f3s a deflagra\u00e7\u00e3o da Caixa de Pandora, entretanto, Arruda recebeu valores irregulares apenas anos depois, conforme o \u00f3rg\u00e3o ministerial. <\/span><\/p>\n<p>&nbsp;<\/p>\n<p><span style=\"font-weight: 400\">Ao assumir o GDF, Agnelo e Filippelli teriam dado continuidade ao esquema. Para garantir que o conluio funcionasse, Agnelo emplacou na C\u00e2mara Legislativa um projeto que ampliou a \u00e1rea de atua\u00e7\u00e3o da Terracap a fim de englobar novos investimentos em obras e atividades econ\u00f4micas. Para sustentar a continuidade das obras, tamb\u00e9m adotou medidas relacionadas ao contingenciamento de gastos do governo.<\/span><\/p>\n<p>&nbsp;<\/p>\n<p><span style=\"font-weight: 400\">Segundo a den\u00fancia, a ent\u00e3o presidente da Terracap, Maruska Lima de Sousa Holanda, e o presidente da Novacap \u00e0 \u00e9poca, Nilson Martorelli, ficaram respons\u00e1veis pelas tratativas na empresa p\u00fablica. <\/span><\/p>\n<p>&nbsp;<\/p>\n<p>&nbsp;<\/p>\n<p><b>Confira a lista dos r\u00e9us:<\/b><\/p>\n<p>&nbsp;<\/p>\n<ol>\n<li><span style=\"font-weight: 400\"> Jos\u00e9 Roberto Arruda<\/span><\/li>\n<li><span style=\"font-weight: 400\"> S\u00e9rgio L\u00facio Silva de Andrade<\/span><\/li>\n<li><span style=\"font-weight: 400\"> Jos\u00e9 Wellington Medeiros de Ara\u00fajo<\/span><\/li>\n<li><span style=\"font-weight: 400\"> Fernando M\u00e1rcio Queiroz<\/span><\/li>\n<li><span style=\"font-weight: 400\"> Agnelo Santos Queiroz<\/span><\/li>\n<li><span style=\"font-weight: 400\"> Nelson Tadeu Filippelli<\/span><\/li>\n<li><span style=\"font-weight: 400\"> Maruska Lima de Sousa Holanda<\/span><\/li>\n<li><span style=\"font-weight: 400\"> Nilson Martorelli<\/span><\/li>\n<li><span style=\"font-weight: 400\"> Alberto Nolli Teixeira<\/span><\/li>\n<li><span style=\"font-weight: 400\"> Jorge Luiz Salom\u00e3o<\/span><\/li>\n<li><span style=\"font-weight: 400\"> Afr\u00e2nio Roberto de Souza Filho<\/span><\/li>\n<li><span style=\"font-weight: 400\"> Luiz Carlos Barreto de Oliveira Alcoforado<\/span><\/li>\n<\/ol>\n","protected":false},"excerpt":{"rendered":"<p>Nas den\u00fancias pelo superfaturamento do Est\u00e1dio Nacional Man\u00e9 Garrincha contra os ex-governadores Agnelo Queiroz (PT) e Jos\u00e9 Roberto Arruda (PR), al\u00e9m do ex-vice-governador Tadeu Filippelli (MDB) e outras nove pessoas, o Minist\u00e9rio P\u00fablico Federal (MPF) pede o pagamento de R$ 52,4 milh\u00f5es aos cofres p\u00fablicos pelos r\u00e9us. Desse valor, R$ 34,8 milh\u00f5es referem-se \u00e0 repara\u00e7\u00e3o de danos materiais pelos atos [&hellip;]<\/p>\n","protected":false},"author":90,"featured_media":8735,"comment_status":"open","ping_status":"closed","sticky":false,"template":"","format":"standard","meta":{"footnotes":""},"categories":[234],"tags":[144,42,131,163,1116],"class_list":["post-11269","post","type-post","status-publish","format-standard","has-post-thumbnail","hentry","category-cb-poder","tag-agnelo","tag-arruda","tag-filippelli","tag-mane-garrincha","tag-panatenaico"],"_links":{"self":[{"href":"https:\/\/blogs.correiobraziliense.com.br\/cbpoder\/wp-json\/wp\/v2\/posts\/11269","targetHints":{"allow":["GET"]}}],"collection":[{"href":"https:\/\/blogs.correiobraziliense.com.br\/cbpoder\/wp-json\/wp\/v2\/posts"}],"about":[{"href":"https:\/\/blogs.correiobraziliense.com.br\/cbpoder\/wp-json\/wp\/v2\/types\/post"}],"author":[{"embeddable":true,"href":"https:\/\/blogs.correiobraziliense.com.br\/cbpoder\/wp-json\/wp\/v2\/users\/90"}],"replies":[{"embeddable":true,"href":"https:\/\/blogs.correiobraziliense.com.br\/cbpoder\/wp-json\/wp\/v2\/comments?post=11269"}],"version-history":[{"count":6,"href":"https:\/\/blogs.correiobraziliense.com.br\/cbpoder\/wp-json\/wp\/v2\/posts\/11269\/revisions"}],"predecessor-version":[{"id":11277,"href":"https:\/\/blogs.correiobraziliense.com.br\/cbpoder\/wp-json\/wp\/v2\/posts\/11269\/revisions\/11277"}],"wp:featuredmedia":[{"embeddable":true,"href":"https:\/\/blogs.correiobraziliense.com.br\/cbpoder\/wp-json\/wp\/v2\/media\/8735"}],"wp:attachment":[{"href":"https:\/\/blogs.correiobraziliense.com.br\/cbpoder\/wp-json\/wp\/v2\/media?parent=11269"}],"wp:term":[{"taxonomy":"category","embeddable":true,"href":"https:\/\/blogs.correiobraziliense.com.br\/cbpoder\/wp-json\/wp\/v2\/categories?post=11269"},{"taxonomy":"post_tag","embeddable":true,"href":"https:\/\/blogs.correiobraziliense.com.br\/cbpoder\/wp-json\/wp\/v2\/tags?post=11269"}],"curies":[{"name":"wp","href":"https:\/\/api.w.org\/{rel}","templated":true}]}}