{"id":11262,"date":"2018-05-03T22:52:03","date_gmt":"2018-05-04T01:52:03","guid":{"rendered":"https:\/\/blogs.correiobraziliense.com.br\/cbpoder\/?p=11262"},"modified":"2018-05-03T22:52:03","modified_gmt":"2018-05-04T01:52:03","slug":"pagina-do-facebook-que-associa-imagem-de-rollemberg-hitler-deve-sair-do-ar-diz-tj","status":"publish","type":"post","link":"https:\/\/blogs.correiobraziliense.com.br\/cbpoder\/pagina-do-facebook-que-associa-imagem-de-rollemberg-hitler-deve-sair-do-ar-diz-tj\/","title":{"rendered":"P\u00e1gina do Facebook que associa imagem de Rollemberg a Hitler deve sair do ar, decide TJ"},"content":{"rendered":"<p><span style=\"font-weight: 400\">A 25\u00aa Vara C\u00edvel de Bras\u00edlia determinou, de forma liminar, a retirada do ar da p\u00e1gina do Facebook \u201cFora, Rollemberg\u201d. A foto de perfil mostra uma montagem da imagem do governador socialista com o bigode do ditador Adolf Hitler. O juiz J\u00falio Roberto dos Reis determinou, ainda, a identifica\u00e7\u00e3o do usu\u00e1rio respons\u00e1vel pelas postagens. O magistrado, contudo, indeferiu o pedido de fixa\u00e7\u00e3o de multa di\u00e1ria. <\/span><\/p>\n<p>&nbsp;<\/p>\n<p><span style=\"font-weight: 400\">Na a\u00e7\u00e3o, o chefe do Pal\u00e1cio do Buriti argumenta que a p\u00e1gina da rede social, curtida por 327 pessoas, cont\u00e9m conte\u00fado ofensivo \u00e0 sua honra, \u201cpois o associa indevidamente ao personagem hist\u00f3rico do nazismo e seus crimes contra a humanidade\u201d. <\/span><\/p>\n<p>&nbsp;<\/p>\n<blockquote><p><span style=\"font-weight: 400\">O magistrado J\u00falio Roberto ressalta que todos os cidad\u00e3os t\u00eam \u201co direito de express\u00e3o, de cr\u00edtica e sobretudo de fiscaliza\u00e7\u00e3o de atos de pessoas p\u00fablicas ou agentes p\u00fablicos\u201d. Contudo, pontua que esse poder n\u00e3o \u00e9 ilimitado. \u201cPara a exerc\u00edcio constitucional da cr\u00edtica, n\u00e3o se pode fazer uso de anonimato ou mesmo vilipendiar a imagem da pessoa natural com montagem de fotos com sinais caracter\u00edsticos de criminosos historicamente reconhecidos e objeto de repulsa social\u201d, complementou. <\/span><\/p>\n<p>&nbsp;<\/p><\/blockquote>\n<p><span style=\"font-weight: 400\">Para que o titular da p\u00e1gina responda na Justi\u00e7a pelas publica\u00e7\u00f5es, o magistrado determinou que o Facebook forne\u00e7a os dados do usu\u00e1rio; o perfil pessoal; informa\u00e7\u00f5es pessoais, como nome completo, CPF, carteira de identidade, endere\u00e7o; o <\/span><i><span style=\"font-weight: 400\">IP adress<\/span><\/i><span style=\"font-weight: 400\"> do computador respons\u00e1vel pela cria\u00e7\u00e3o da p\u00e1gina, al\u00e9m do\u00a0<\/span><i><span style=\"font-weight: 400\">IP adress<\/span><\/i><span style=\"font-weight: 400\"> do computador em que foram feitas a montagem da foto ofensiva nos \u00faltimos doze meses.<\/span><\/p>\n<p>&nbsp;<\/p>\n","protected":false},"excerpt":{"rendered":"<p>A 25\u00aa Vara C\u00edvel de Bras\u00edlia determinou, de forma liminar, a retirada do ar da p\u00e1gina do Facebook \u201cFora, Rollemberg\u201d. A foto de perfil mostra uma montagem da imagem do governador socialista com o bigode do ditador Adolf Hitler. O juiz J\u00falio Roberto dos Reis determinou, ainda, a identifica\u00e7\u00e3o do usu\u00e1rio respons\u00e1vel pelas postagens. O magistrado, contudo, indeferiu o pedido [&hellip;]<\/p>\n","protected":false},"author":90,"featured_media":7455,"comment_status":"open","ping_status":"closed","sticky":false,"template":"","format":"standard","meta":{"footnotes":""},"categories":[234],"tags":[1247,1248,56,49],"class_list":["post-11262","post","type-post","status-publish","format-standard","has-post-thumbnail","hentry","category-cb-poder","tag-facebook","tag-hitler","tag-justica","tag-rollemberg"],"_links":{"self":[{"href":"https:\/\/blogs.correiobraziliense.com.br\/cbpoder\/wp-json\/wp\/v2\/posts\/11262","targetHints":{"allow":["GET"]}}],"collection":[{"href":"https:\/\/blogs.correiobraziliense.com.br\/cbpoder\/wp-json\/wp\/v2\/posts"}],"about":[{"href":"https:\/\/blogs.correiobraziliense.com.br\/cbpoder\/wp-json\/wp\/v2\/types\/post"}],"author":[{"embeddable":true,"href":"https:\/\/blogs.correiobraziliense.com.br\/cbpoder\/wp-json\/wp\/v2\/users\/90"}],"replies":[{"embeddable":true,"href":"https:\/\/blogs.correiobraziliense.com.br\/cbpoder\/wp-json\/wp\/v2\/comments?post=11262"}],"version-history":[{"count":3,"href":"https:\/\/blogs.correiobraziliense.com.br\/cbpoder\/wp-json\/wp\/v2\/posts\/11262\/revisions"}],"predecessor-version":[{"id":11265,"href":"https:\/\/blogs.correiobraziliense.com.br\/cbpoder\/wp-json\/wp\/v2\/posts\/11262\/revisions\/11265"}],"wp:featuredmedia":[{"embeddable":true,"href":"https:\/\/blogs.correiobraziliense.com.br\/cbpoder\/wp-json\/wp\/v2\/media\/7455"}],"wp:attachment":[{"href":"https:\/\/blogs.correiobraziliense.com.br\/cbpoder\/wp-json\/wp\/v2\/media?parent=11262"}],"wp:term":[{"taxonomy":"category","embeddable":true,"href":"https:\/\/blogs.correiobraziliense.com.br\/cbpoder\/wp-json\/wp\/v2\/categories?post=11262"},{"taxonomy":"post_tag","embeddable":true,"href":"https:\/\/blogs.correiobraziliense.com.br\/cbpoder\/wp-json\/wp\/v2\/tags?post=11262"}],"curies":[{"name":"wp","href":"https:\/\/api.w.org\/{rel}","templated":true}]}}