{"id":11217,"date":"2018-04-29T14:04:47","date_gmt":"2018-04-29T17:04:47","guid":{"rendered":"https:\/\/blogs.correiobraziliense.com.br\/cbpoder\/?p=11217"},"modified":"2018-04-29T14:33:39","modified_gmt":"2018-04-29T17:33:39","slug":"eleicoes-no-df-adversarios-de-rollemberg","status":"publish","type":"post","link":"https:\/\/blogs.correiobraziliense.com.br\/cbpoder\/eleicoes-no-df-adversarios-de-rollemberg\/","title":{"rendered":"Cen\u00e1rio das elei\u00e7\u00f5es no DF come\u00e7a a clarear"},"content":{"rendered":"<p>ANA MARIA CAMPOS<\/p>\n<p>A seis meses das elei\u00e7\u00f5es e a tr\u00eas meses e meio para o registro das candidaturas (o prazo termina em 15 de agosto), o cen\u00e1rio para a disputa ao Pal\u00e1cio do Buriti come\u00e7a lentamente a clarear. O governador Rodrigo Rollemberg (PSB) fala abertamente sobre a reelei\u00e7\u00e3o, e os advers\u00e1rios est\u00e3o sendo definidos. Jofran Frejat (PR) consolidou-se como candidato de um grupo que dever\u00e1 contar com o apoio do MDB, PP e DEM.<\/p>\n<p>A ex-deputada Eliana Pedrosa (Pros) trabalha uma alian\u00e7a com o cl\u00e3 Roriz nestas elei\u00e7\u00f5es, tendo a seu lado a mulher do ex-governador, Weslian Roriz, as filhas, Jaqueline e Liliane, e o neto Joaquim Domingos Neto. Mas, apesar do apoio da fam\u00edlia de Roriz, antigos aliados do ex-governador n\u00e3o estar\u00e3o com Eliana. Nessa lista, est\u00e3o cabos eleitorais, l\u00edderes comunit\u00e1rios e integrantes dos quatro governos que preferem Frejat. Mas dona Weslian Roriz tem muito peso como porta-voz da fam\u00edlia. Isso deve gerar uma confus\u00e3o na cabe\u00e7a do eleitor.<\/p>\n<p>Em outra frente dessas elei\u00e7\u00f5es, disputam a cabe\u00e7a de chapa o deputado Izalci Lucas (PSDB) e o ex-distrital Al\u00edrio Neto (PTB). Essa chapa pode rachar. Uma pesquisa vai definir quem est\u00e1 em melhores condi\u00e7\u00f5es. Mas essa an\u00e1lise \u00e9 subjetiva e nenhum dos dois abre m\u00e3o de concorrer ao GDF.<\/p>\n<p>Como uma aposta do Partido Novo, h\u00e1 o empres\u00e1rio Alexandre Guerra, herdeiro do grupo Giraffas, at\u00e9 agora numa chapa puro sangue destas elei\u00e7\u00f5es. Na esquerda, o PSol tem a enfermeira Maria de F\u00e1tima Sousa, ex-presidente da Faculdade de Ci\u00eancias da Sa\u00fade da UnB, como representante da briga pela sucess\u00e3o de Rollemberg.<\/p>\n<p>J\u00e1 o PDT insiste em lan\u00e7ar candidato ao Pal\u00e1cio do Buriti, mas o presidente da C\u00e2mara Legislativa, Joe Valle, maior expoente do partido, n\u00e3o quer. Garante que, se n\u00e3o integrar a chapa de Jofran Frejat, dever\u00e1 se retirar da pol\u00edtica. Por isso, o presidente da legenda, Georges Michel, estuda um plano B para a disputa ao GDF.<\/p>\n<h2>Vice ideal: um desafio nestas elei\u00e7\u00f5es<\/h2>\n<p>No grupo de Rollemberg, n\u00e3o h\u00e1 vice definido. Os aliados apostam que o governador procura um substituto ou substituta no estilo Marco Maciel, o n\u00famero dois de Fernando Henrique Cardoso: discreto, leal, de um partido pol\u00edtico que agregue na campanha e com habilidade pol\u00edtica para ajudar a governar. Dif\u00edcil ser\u00e1 encontrar algu\u00e9m assim.<\/p>\n<p>Na chapa de Jofran Frejat (PR), tamb\u00e9m h\u00e1 discuss\u00f5es quentes sobre quem ser\u00e1 o vice. At\u00e9 o momento, a \u00fanica certeza \u00e9 de que a escolha passa por uma indica\u00e7\u00e3o de Tadeu Filippelli (MDB), aliado de primeira hora de Frejat. Mas dever\u00e1 ser algu\u00e9m aprovado pelo candidato a governador. Por isso, muita negocia\u00e7\u00e3o ainda deve ocorrer.<\/p>\n","protected":false},"excerpt":{"rendered":"<p>ANA MARIA CAMPOS A seis meses das elei\u00e7\u00f5es e a tr\u00eas meses e meio para o registro das candidaturas (o prazo termina em 15 de agosto), o cen\u00e1rio para a disputa ao Pal\u00e1cio do Buriti come\u00e7a lentamente a clarear. O governador Rodrigo Rollemberg (PSB) fala abertamente sobre a reelei\u00e7\u00e3o, e os advers\u00e1rios est\u00e3o sendo definidos. Jofran Frejat (PR) consolidou-se como [&hellip;]<\/p>\n","protected":false},"author":9,"featured_media":11221,"comment_status":"open","ping_status":"closed","sticky":false,"template":"","format":"standard","meta":{"footnotes":""},"categories":[234],"tags":[17,311,807,16,49],"class_list":["post-11217","post","type-post","status-publish","format-standard","has-post-thumbnail","hentry","category-cb-poder","tag-buriti","tag-eleicoes","tag-eleicoes-2018","tag-gdf","tag-rollemberg"],"_links":{"self":[{"href":"https:\/\/blogs.correiobraziliense.com.br\/cbpoder\/wp-json\/wp\/v2\/posts\/11217","targetHints":{"allow":["GET"]}}],"collection":[{"href":"https:\/\/blogs.correiobraziliense.com.br\/cbpoder\/wp-json\/wp\/v2\/posts"}],"about":[{"href":"https:\/\/blogs.correiobraziliense.com.br\/cbpoder\/wp-json\/wp\/v2\/types\/post"}],"author":[{"embeddable":true,"href":"https:\/\/blogs.correiobraziliense.com.br\/cbpoder\/wp-json\/wp\/v2\/users\/9"}],"replies":[{"embeddable":true,"href":"https:\/\/blogs.correiobraziliense.com.br\/cbpoder\/wp-json\/wp\/v2\/comments?post=11217"}],"version-history":[{"count":2,"href":"https:\/\/blogs.correiobraziliense.com.br\/cbpoder\/wp-json\/wp\/v2\/posts\/11217\/revisions"}],"predecessor-version":[{"id":11220,"href":"https:\/\/blogs.correiobraziliense.com.br\/cbpoder\/wp-json\/wp\/v2\/posts\/11217\/revisions\/11220"}],"wp:featuredmedia":[{"embeddable":true,"href":"https:\/\/blogs.correiobraziliense.com.br\/cbpoder\/wp-json\/wp\/v2\/media\/11221"}],"wp:attachment":[{"href":"https:\/\/blogs.correiobraziliense.com.br\/cbpoder\/wp-json\/wp\/v2\/media?parent=11217"}],"wp:term":[{"taxonomy":"category","embeddable":true,"href":"https:\/\/blogs.correiobraziliense.com.br\/cbpoder\/wp-json\/wp\/v2\/categories?post=11217"},{"taxonomy":"post_tag","embeddable":true,"href":"https:\/\/blogs.correiobraziliense.com.br\/cbpoder\/wp-json\/wp\/v2\/tags?post=11217"}],"curies":[{"name":"wp","href":"https:\/\/api.w.org\/{rel}","templated":true}]}}