{"id":11142,"date":"2018-04-25T08:55:35","date_gmt":"2018-04-25T11:55:35","guid":{"rendered":"https:\/\/blogs.correiobraziliense.com.br\/cbpoder\/?p=11142"},"modified":"2018-04-25T08:55:35","modified_gmt":"2018-04-25T11:55:35","slug":"pre-candidatos-ao-buriti-se-comprometem-com-lista-triplice-para-a-policia-civil","status":"publish","type":"post","link":"https:\/\/blogs.correiobraziliense.com.br\/cbpoder\/pre-candidatos-ao-buriti-se-comprometem-com-lista-triplice-para-a-policia-civil\/","title":{"rendered":"Pr\u00e9-candidatos ao Buriti se comprometem com lista tr\u00edplice para a Pol\u00edcia Civil"},"content":{"rendered":"<p>ANA MARIA CAMPOS<\/p>\n<p>A exig\u00eancia de lista tr\u00edplice para a dire\u00e7\u00e3o da Pol\u00edcia Civil do DF caiu ontem (24\/04) por decis\u00e3o do Tribunal de Justi\u00e7a do DF, mas a vontade dos delegados foi respeitada nas duas \u00faltimas nomea\u00e7\u00f5es para o comando da institui\u00e7\u00e3o.<\/p>\n<p>Em 2012, Jorge Xavier, o mais votado, foi nomeado pelo ent\u00e3o governador Agnelo Queiroz (PT). Quando foi eleito, Rodrigo Rollemberg (PSB) tamb\u00e9m escolheu o primeiro da lista. Eric Seba, ali\u00e1s, esteve entre os tr\u00eas preferidos da classe nas duas \u00faltimas consultas.<\/p>\n<p>Agora, come\u00e7am, nos bastidores, as articula\u00e7\u00f5es para a defini\u00e7\u00e3o sobre quem vai comandar a Pol\u00edcia Civil a partir de 2019.<\/p>\n<p>Dois pr\u00e9-candidatos ao Pal\u00e1cio do Buriti t\u00eam vincula\u00e7\u00f5es com a categoria. Al\u00edrio Neto (PTB) \u00e9 delegado aposentado. Jofran Frejat (PR) foi m\u00e9dico-legista.<\/p>\n<p>Os dois pr\u00e9-candidatos ao Buriti garantiram \u00e0 coluna Eixo Capital que v\u00e3o respeitar uma lista escolhida pela classe. \u201cDefendo isso h\u00e1 muito tempo. Com certeza, escolherei entre os tr\u00eas mais votados\u201d, diz Al\u00edrio. \u201cVou ouvir o segmento. \u00c9 uma quest\u00e3o importante\u201d, concorda Frejat.<\/p>\n<p>O deputado Izalci Lucas (PSDB) tamb\u00e9m se comprometeu. \u201cComo ocorre no Minist\u00e9rio P\u00fablico, a lista n\u00e3o \u00e9 uma imposi\u00e7\u00e3o legal, mas \u00e9 sempre bom prestigiar a prata da casa. Vou respeitar essa escolha\u201d, afirma Izalci.<\/p>\n<p>O governador Rodrigo Rollemberg (PSB) disse \u00e0 coluna que vai nomear algu\u00e9m da lista se os nomes escolhidos forem pessoas boas e competentes. \u201cSe os integrantes da lista forem como Eric Seba, escolherei um nome entre eles\u201d, afirmou. Ou seja, vai depender.<\/p>\n","protected":false},"excerpt":{"rendered":"<p>ANA MARIA CAMPOS A exig\u00eancia de lista tr\u00edplice para a dire\u00e7\u00e3o da Pol\u00edcia Civil do DF caiu ontem (24\/04) por decis\u00e3o do Tribunal de Justi\u00e7a do DF, mas a vontade dos delegados foi respeitada nas duas \u00faltimas nomea\u00e7\u00f5es para o comando da institui\u00e7\u00e3o. Em 2012, Jorge Xavier, o mais votado, foi nomeado pelo ent\u00e3o governador Agnelo Queiroz (PT). Quando foi [&hellip;]<\/p>\n","protected":false},"author":9,"featured_media":7903,"comment_status":"open","ping_status":"closed","sticky":false,"template":"","format":"standard","meta":{"footnotes":""},"categories":[234],"tags":[947,311,949,967,1075,102,49],"class_list":["post-11142","post","type-post","status-publish","format-standard","has-post-thumbnail","hentry","category-cb-poder","tag-alirio","tag-eleicoes","tag-izalci","tag-jofran-frejat","tag-lista-triplice","tag-policia-civil","tag-rollemberg"],"_links":{"self":[{"href":"https:\/\/blogs.correiobraziliense.com.br\/cbpoder\/wp-json\/wp\/v2\/posts\/11142","targetHints":{"allow":["GET"]}}],"collection":[{"href":"https:\/\/blogs.correiobraziliense.com.br\/cbpoder\/wp-json\/wp\/v2\/posts"}],"about":[{"href":"https:\/\/blogs.correiobraziliense.com.br\/cbpoder\/wp-json\/wp\/v2\/types\/post"}],"author":[{"embeddable":true,"href":"https:\/\/blogs.correiobraziliense.com.br\/cbpoder\/wp-json\/wp\/v2\/users\/9"}],"replies":[{"embeddable":true,"href":"https:\/\/blogs.correiobraziliense.com.br\/cbpoder\/wp-json\/wp\/v2\/comments?post=11142"}],"version-history":[{"count":1,"href":"https:\/\/blogs.correiobraziliense.com.br\/cbpoder\/wp-json\/wp\/v2\/posts\/11142\/revisions"}],"predecessor-version":[{"id":11143,"href":"https:\/\/blogs.correiobraziliense.com.br\/cbpoder\/wp-json\/wp\/v2\/posts\/11142\/revisions\/11143"}],"wp:featuredmedia":[{"embeddable":true,"href":"https:\/\/blogs.correiobraziliense.com.br\/cbpoder\/wp-json\/wp\/v2\/media\/7903"}],"wp:attachment":[{"href":"https:\/\/blogs.correiobraziliense.com.br\/cbpoder\/wp-json\/wp\/v2\/media?parent=11142"}],"wp:term":[{"taxonomy":"category","embeddable":true,"href":"https:\/\/blogs.correiobraziliense.com.br\/cbpoder\/wp-json\/wp\/v2\/categories?post=11142"},{"taxonomy":"post_tag","embeddable":true,"href":"https:\/\/blogs.correiobraziliense.com.br\/cbpoder\/wp-json\/wp\/v2\/tags?post=11142"}],"curies":[{"name":"wp","href":"https:\/\/api.w.org\/{rel}","templated":true}]}}