{"id":11121,"date":"2018-04-24T08:48:35","date_gmt":"2018-04-24T11:48:35","guid":{"rendered":"https:\/\/blogs.correiobraziliense.com.br\/cbpoder\/?p=11121"},"modified":"2018-04-24T08:48:35","modified_gmt":"2018-04-24T11:48:35","slug":"ex-funcionarios-da-cruz-vermelha-sao-condenados-por-fraude-na-secretaria-de-saude-do-df","status":"publish","type":"post","link":"https:\/\/blogs.correiobraziliense.com.br\/cbpoder\/ex-funcionarios-da-cruz-vermelha-sao-condenados-por-fraude-na-secretaria-de-saude-do-df\/","title":{"rendered":"Ex-funcion\u00e1rios da Cruz Vermelha s\u00e3o condenados por fraude na Secretaria de Sa\u00fade do DF"},"content":{"rendered":"<p>ANA MARIA CAMPOS<br \/>\nDeflagrada no ano passado pelo Minist\u00e9rio P\u00fablico do DF, a Opera\u00e7\u00e3o Genebra (foto) que apontou fraude na contrata\u00e7\u00e3o da Cruz Vermelha pela Secretaria de Sa\u00fade do DF come\u00e7a a dar resultados na Justi\u00e7a.<\/p>\n<p>Dois respons\u00e1veis pela opera\u00e7\u00e3o, ex-funcion\u00e1rios da entidade, foram condenados.<\/p>\n<p>A Justi\u00e7a aplicou uma pena de 16 anos de pris\u00e3o, sendo 13 anos em regime fechado, para Douglas Souza de Oliveira, ex-dirigente da Cruz Vermelha em Petr\u00f3polis por dispensa ilegal de licita\u00e7\u00e3o, peculato e lavagem de dinheiro.<\/p>\n<p>Richard Strauss Cordeiro J\u00fanior foi condenado a tr\u00eas anos de deten\u00e7\u00e3o e quatro de reclus\u00e3o por dispensa ilegal de licita\u00e7\u00e3o.<\/p>\n<p>EM 2009, a Cruz Vermelha foi qualificada como organiza\u00e7\u00e3o social pelo GDF e contratada para administrar duas UPAs.<\/p>\n<p>Respons\u00e1vel pelo caso, o promotor de Justi\u00e7a Lu\u00eds Henrique Ishihara apontou que a Cruz Vermelha n\u00e3o tinha condi\u00e7\u00f5es legais para ser classificada como organiza\u00e7\u00e3o social e isso ocorreu apenas para direcionar o contrato para entidade.<\/p>\n<p>Outros envolvidos, inclusive Fernando Antunes, ex-secret\u00e1rio-adjunto de Sa\u00fade, respondem pelos crimes em outras duas a\u00e7\u00f5es ainda n\u00e3o julgadas.<\/p>\n<p>De acordo com a ju\u00edza Ana Cl\u00e1udia Loiola de Morais Mendes, da Primeira Vara Criminal de Bras\u00edlia, Douglas dever\u00e1 permanecer preso. Calculado em valores atuais, o preju\u00edzo chega a R$ 9.737.187,66,<\/p>\n","protected":false},"excerpt":{"rendered":"<p>ANA MARIA CAMPOS Deflagrada no ano passado pelo Minist\u00e9rio P\u00fablico do DF, a Opera\u00e7\u00e3o Genebra (foto) que apontou fraude na contrata\u00e7\u00e3o da Cruz Vermelha pela Secretaria de Sa\u00fade do DF come\u00e7a a dar resultados na Justi\u00e7a. Dois respons\u00e1veis pela opera\u00e7\u00e3o, ex-funcion\u00e1rios da entidade, foram condenados. A Justi\u00e7a aplicou uma pena de 16 anos de pris\u00e3o, sendo 13 anos em regime [&hellip;]<\/p>\n","protected":false},"author":9,"featured_media":8885,"comment_status":"open","ping_status":"closed","sticky":false,"template":"","format":"standard","meta":{"footnotes":""},"categories":[234],"tags":[782,39,779,537],"class_list":["post-11121","post","type-post","status-publish","format-standard","has-post-thumbnail","hentry","category-cb-poder","tag-cruz-vermelha","tag-licitacao","tag-operacao-genebra","tag-secretaria-de-saude"],"_links":{"self":[{"href":"https:\/\/blogs.correiobraziliense.com.br\/cbpoder\/wp-json\/wp\/v2\/posts\/11121","targetHints":{"allow":["GET"]}}],"collection":[{"href":"https:\/\/blogs.correiobraziliense.com.br\/cbpoder\/wp-json\/wp\/v2\/posts"}],"about":[{"href":"https:\/\/blogs.correiobraziliense.com.br\/cbpoder\/wp-json\/wp\/v2\/types\/post"}],"author":[{"embeddable":true,"href":"https:\/\/blogs.correiobraziliense.com.br\/cbpoder\/wp-json\/wp\/v2\/users\/9"}],"replies":[{"embeddable":true,"href":"https:\/\/blogs.correiobraziliense.com.br\/cbpoder\/wp-json\/wp\/v2\/comments?post=11121"}],"version-history":[{"count":2,"href":"https:\/\/blogs.correiobraziliense.com.br\/cbpoder\/wp-json\/wp\/v2\/posts\/11121\/revisions"}],"predecessor-version":[{"id":11123,"href":"https:\/\/blogs.correiobraziliense.com.br\/cbpoder\/wp-json\/wp\/v2\/posts\/11121\/revisions\/11123"}],"wp:featuredmedia":[{"embeddable":true,"href":"https:\/\/blogs.correiobraziliense.com.br\/cbpoder\/wp-json\/wp\/v2\/media\/8885"}],"wp:attachment":[{"href":"https:\/\/blogs.correiobraziliense.com.br\/cbpoder\/wp-json\/wp\/v2\/media?parent=11121"}],"wp:term":[{"taxonomy":"category","embeddable":true,"href":"https:\/\/blogs.correiobraziliense.com.br\/cbpoder\/wp-json\/wp\/v2\/categories?post=11121"},{"taxonomy":"post_tag","embeddable":true,"href":"https:\/\/blogs.correiobraziliense.com.br\/cbpoder\/wp-json\/wp\/v2\/tags?post=11121"}],"curies":[{"name":"wp","href":"https:\/\/api.w.org\/{rel}","templated":true}]}}