{"id":11115,"date":"2018-04-24T09:00:59","date_gmt":"2018-04-24T12:00:59","guid":{"rendered":"https:\/\/blogs.correiobraziliense.com.br\/cbpoder\/?p=11115"},"modified":"2018-04-24T10:28:55","modified_gmt":"2018-04-24T13:28:55","slug":"policia-civil-entra-na-papuda-para-desarticular-faccoes-criminosas","status":"publish","type":"post","link":"https:\/\/blogs.correiobraziliense.com.br\/cbpoder\/policia-civil-entra-na-papuda-para-desarticular-faccoes-criminosas\/","title":{"rendered":"Pol\u00edcia Civil entra na Papuda para desarticular fac\u00e7\u00f5es criminosas"},"content":{"rendered":"<p>ANA MARIA CAMPOS<\/p>\n<p>A Pol\u00edcia Civil do DF deflagra nesta manh\u00e3 (24\/04) a \u00a0Opera\u00e7\u00e3o Pr\u00f3logo no Complexo Penitenci\u00e1rio da Papuda para desarticular a forma\u00e7\u00e3o de fac\u00e7\u00f5es\u00a0criminosas que atuam no sistema penitenci\u00e1rio do Distrito Federal.<\/p>\n<p>A equipe de policiais da Coordena\u00e7\u00e3o de Combate ao Crime Organizado, ao Crime contra a Administra\u00e7\u00e3o P\u00fablica e contra a Ordem Tribut\u00e1ria (CECOR) realiza buscas e apreens\u00f5es nas celas, blocos e alas do Centro de Deten\u00e7\u00e3o Provis\u00f3ria (CDP), do Centro de Interna\u00e7\u00e3o e Reeduca\u00e7\u00e3o (CIR) e das Penitenci\u00e1rias I e II em que h\u00e1 suspeitos de participar de organiza\u00e7\u00f5es criminosas que agem de forma estruturada para praticar novos crimes coordenados de dentro da Papuda.<\/p>\n<p>Mesmo j\u00e1 encarcerados, 13 detentos tiveram a pris\u00e3o preventiva decretada o que os impede de obter benef\u00edcios de progress\u00e3o do regime ou sa\u00eddas enquanto a medida estiver em vigor. Os policiais civis tamb\u00e9m v\u00e3o apreender drogas, armas, celulares, tablets ou outros dispositivos eletr\u00f4nicos que porventura estejam sob a \u00a0posse dos presidi\u00e1rios e que permitam a comunica\u00e7\u00e3o com o mundo exterior.<\/p>\n<p>As medidas foram autorizadas pela 4\u00aa Vara Criminal de Bras\u00edlia. A investiga\u00e7\u00e3o teve in\u00edcio com a apreens\u00e3o de cadernetas em que os presos anotavam os nomes, apelidos no mundo do crime e a fun\u00e7\u00e3o nas organiza\u00e7\u00f5es criminosas. Com isso, foi poss\u00edvel fazer o mapeamento inicial de quem participa dessas fac\u00e7\u00f5es.<\/p>\n<hr \/>\n<p>&nbsp;<\/p>\n","protected":false},"excerpt":{"rendered":"<p>ANA MARIA CAMPOS A Pol\u00edcia Civil do DF deflagra nesta manh\u00e3 (24\/04) a \u00a0Opera\u00e7\u00e3o Pr\u00f3logo no Complexo Penitenci\u00e1rio da Papuda para desarticular a forma\u00e7\u00e3o de fac\u00e7\u00f5es\u00a0criminosas que atuam no sistema penitenci\u00e1rio do Distrito Federal. A equipe de policiais da Coordena\u00e7\u00e3o de Combate ao Crime Organizado, ao Crime contra a Administra\u00e7\u00e3o P\u00fablica e contra a Ordem Tribut\u00e1ria (CECOR) realiza buscas e [&hellip;]<\/p>\n","protected":false},"author":9,"featured_media":11118,"comment_status":"open","ping_status":"closed","sticky":false,"template":"","format":"standard","meta":{"footnotes":""},"categories":[234],"tags":[1051,1234,1068,407],"class_list":["post-11115","post","type-post","status-publish","format-standard","has-post-thumbnail","hentry","category-cb-poder","tag-cecor","tag-faccoes-criminosas","tag-papuda","tag-policia-civil-do-df"],"_links":{"self":[{"href":"https:\/\/blogs.correiobraziliense.com.br\/cbpoder\/wp-json\/wp\/v2\/posts\/11115","targetHints":{"allow":["GET"]}}],"collection":[{"href":"https:\/\/blogs.correiobraziliense.com.br\/cbpoder\/wp-json\/wp\/v2\/posts"}],"about":[{"href":"https:\/\/blogs.correiobraziliense.com.br\/cbpoder\/wp-json\/wp\/v2\/types\/post"}],"author":[{"embeddable":true,"href":"https:\/\/blogs.correiobraziliense.com.br\/cbpoder\/wp-json\/wp\/v2\/users\/9"}],"replies":[{"embeddable":true,"href":"https:\/\/blogs.correiobraziliense.com.br\/cbpoder\/wp-json\/wp\/v2\/comments?post=11115"}],"version-history":[{"count":6,"href":"https:\/\/blogs.correiobraziliense.com.br\/cbpoder\/wp-json\/wp\/v2\/posts\/11115\/revisions"}],"predecessor-version":[{"id":11129,"href":"https:\/\/blogs.correiobraziliense.com.br\/cbpoder\/wp-json\/wp\/v2\/posts\/11115\/revisions\/11129"}],"wp:featuredmedia":[{"embeddable":true,"href":"https:\/\/blogs.correiobraziliense.com.br\/cbpoder\/wp-json\/wp\/v2\/media\/11118"}],"wp:attachment":[{"href":"https:\/\/blogs.correiobraziliense.com.br\/cbpoder\/wp-json\/wp\/v2\/media?parent=11115"}],"wp:term":[{"taxonomy":"category","embeddable":true,"href":"https:\/\/blogs.correiobraziliense.com.br\/cbpoder\/wp-json\/wp\/v2\/categories?post=11115"},{"taxonomy":"post_tag","embeddable":true,"href":"https:\/\/blogs.correiobraziliense.com.br\/cbpoder\/wp-json\/wp\/v2\/tags?post=11115"}],"curies":[{"name":"wp","href":"https:\/\/api.w.org\/{rel}","templated":true}]}}