{"id":11110,"date":"2018-04-23T18:17:51","date_gmt":"2018-04-23T21:17:51","guid":{"rendered":"https:\/\/blogs.correiobraziliense.com.br\/cbpoder\/?p=11110"},"modified":"2018-04-23T18:21:40","modified_gmt":"2018-04-23T21:21:40","slug":"cristovam-espero-que-o-proximo-governador-tenha-uma-relacao-sem-promiscuidade-com-a-camara-legislativa","status":"publish","type":"post","link":"https:\/\/blogs.correiobraziliense.com.br\/cbpoder\/cristovam-espero-que-o-proximo-governador-tenha-uma-relacao-sem-promiscuidade-com-a-camara-legislativa\/","title":{"rendered":"Cristovam: &#8220;Espero que o pr\u00f3ximo governador tenha uma rela\u00e7\u00e3o sem promiscuidade com a C\u00e2mara Legislativa&#8221;"},"content":{"rendered":"<p>ANA MARIA CAMPOS<\/p>\n<p>O senador Cristovam Buarque (PPS\/DF) usou um tom diplom\u00e1tico para responder o governador Rodrigo Rollemberg (PSB) que apontou, em entrevista publicada no Correio no \u00faltimo domingo (22\/04), a sua omiss\u00e3o na solu\u00e7\u00e3o de problemas nacionais e do Distrito Federal. Para Cristovam, Rollemberg est\u00e1 mal informado e se esqueceu do passado. &#8220;Acho que o governador tem tanto problema que ele diz coisas que se ele refletisse um pouquinho mais n\u00e3o diria. Ent\u00e3o, n\u00e3o vou aqui jogar pedra nele nem reclamar. Ser governador \u00e9 muito dif\u00edcil. \u00c9 uma tens\u00e3o muito grande. Acho que escapou. N\u00e3o sei se ele escreveria, se repetiria tudo isso&#8221;.<\/p>\n<p>Os temas foram tratados em entrevista concedida hoje (23\/04) ao programa CB.Poder, com transmiss\u00e3o pela TV Bras\u00edlia e no perfil do Correio no Facebook.<\/p>\n<p>Cristovam tamb\u00e9m fez cr\u00edticas, ao dizer que Rollemberg se dedicou a fazer pol\u00edtica apenas com os deputados distritais. &#8220;O governador Rollemberg n\u00e3o gosta de conversar sobre mat\u00e9ria de pol\u00edtica, a n\u00e3o ser com quem recebeu cargos. Ele se concentrou &#8212; e acho que foi um erro &#8212; na C\u00e2mara Legislativa. Eu espero que o pr\u00f3ximo governador tenha uma rela\u00e7\u00e3o sem promiscuidade com a C\u00e2mara Legislativa&#8221;, afirmou.<\/p>\n<p>Na entrevista, Cristovam falou sobre sua rela\u00e7\u00e3o com o PT \u00a0e sobre candidaturas \u00e0 Presid\u00eancia da Rep\u00fablica e n\u00e3o descartou, a depender do cen\u00e1rio, apoiar o ex-presidente do Supremo Tribunal Federal (STF) Joaquim Barbosa (PSB). Mas n\u00e3o pretende se aliar a Rollemberg. &#8220;Ele nem vai me querer meu apoio&#8221;, afirmou.<\/p>\n<p>Sobre alian\u00e7a com\u00a0evang\u00e9licos, Cristovam garante que n\u00e3o mistura quest\u00f5es legais e pol\u00edticas com morais. &#8220;Os evang\u00e9licos sempre me apoiaram nas campanhas que fiz aqui no DF&#8221;, disse.<\/p>\n<p>&nbsp;<\/p>\n<p>https:\/\/www.youtube.com\/watch?v=m3L4kE8Ijpo&#038;t=621s<\/p>\n<p>&nbsp;<\/p>\n<p>https:\/\/www.youtube.com\/watch?v=hEoadFXQ2tk<\/p>\n","protected":false},"excerpt":{"rendered":"<p>ANA MARIA CAMPOS O senador Cristovam Buarque (PPS\/DF) usou um tom diplom\u00e1tico para responder o governador Rodrigo Rollemberg (PSB) que apontou, em entrevista publicada no Correio no \u00faltimo domingo (22\/04), a sua omiss\u00e3o na solu\u00e7\u00e3o de problemas nacionais e do Distrito Federal. Para Cristovam, Rollemberg est\u00e1 mal informado e se esqueceu do passado. &#8220;Acho que o governador tem tanto problema [&hellip;]<\/p>\n","protected":false},"author":9,"featured_media":11113,"comment_status":"open","ping_status":"closed","sticky":false,"template":"","format":"standard","meta":{"footnotes":""},"categories":[234],"tags":[596,49],"class_list":["post-11110","post","type-post","status-publish","format-standard","has-post-thumbnail","hentry","category-cb-poder","tag-cristovam-buarque","tag-rollemberg"],"_links":{"self":[{"href":"https:\/\/blogs.correiobraziliense.com.br\/cbpoder\/wp-json\/wp\/v2\/posts\/11110","targetHints":{"allow":["GET"]}}],"collection":[{"href":"https:\/\/blogs.correiobraziliense.com.br\/cbpoder\/wp-json\/wp\/v2\/posts"}],"about":[{"href":"https:\/\/blogs.correiobraziliense.com.br\/cbpoder\/wp-json\/wp\/v2\/types\/post"}],"author":[{"embeddable":true,"href":"https:\/\/blogs.correiobraziliense.com.br\/cbpoder\/wp-json\/wp\/v2\/users\/9"}],"replies":[{"embeddable":true,"href":"https:\/\/blogs.correiobraziliense.com.br\/cbpoder\/wp-json\/wp\/v2\/comments?post=11110"}],"version-history":[{"count":3,"href":"https:\/\/blogs.correiobraziliense.com.br\/cbpoder\/wp-json\/wp\/v2\/posts\/11110\/revisions"}],"predecessor-version":[{"id":11114,"href":"https:\/\/blogs.correiobraziliense.com.br\/cbpoder\/wp-json\/wp\/v2\/posts\/11110\/revisions\/11114"}],"wp:featuredmedia":[{"embeddable":true,"href":"https:\/\/blogs.correiobraziliense.com.br\/cbpoder\/wp-json\/wp\/v2\/media\/11113"}],"wp:attachment":[{"href":"https:\/\/blogs.correiobraziliense.com.br\/cbpoder\/wp-json\/wp\/v2\/media?parent=11110"}],"wp:term":[{"taxonomy":"category","embeddable":true,"href":"https:\/\/blogs.correiobraziliense.com.br\/cbpoder\/wp-json\/wp\/v2\/categories?post=11110"},{"taxonomy":"post_tag","embeddable":true,"href":"https:\/\/blogs.correiobraziliense.com.br\/cbpoder\/wp-json\/wp\/v2\/tags?post=11110"}],"curies":[{"name":"wp","href":"https:\/\/api.w.org\/{rel}","templated":true}]}}