{"id":11097,"date":"2018-04-21T13:37:22","date_gmt":"2018-04-21T16:37:22","guid":{"rendered":"https:\/\/blogs.correiobraziliense.com.br\/cbpoder\/?p=11097"},"modified":"2018-04-21T14:07:02","modified_gmt":"2018-04-21T17:07:02","slug":"foragido-ha-16-anos-suspeito-de-participar-de-assalto-a-agencia-jk-e-preso-em-sao-paulo","status":"publish","type":"post","link":"https:\/\/blogs.correiobraziliense.com.br\/cbpoder\/foragido-ha-16-anos-suspeito-de-participar-de-assalto-a-agencia-jk-e-preso-em-sao-paulo\/","title":{"rendered":"Envolvido em maior assalto a banco do DF \u00e9 preso 16 anos depois"},"content":{"rendered":"<p>ANA MARIA CAMPOS<\/p>\n<p>Poderia ser o roteiro de um filme com um final surpreendente. Foragido h\u00e1 16 anos e meio, um dos respons\u00e1veis pelo assalto da ag\u00eancia JK do BRB, ocorrido numa ousada a\u00e7\u00e3o criminosa, foi preso em S\u00e3o Paulo neste s\u00e1bado (21\/04), por coincid\u00eancia no anivers\u00e1rio de Bras\u00edlia, pela equipe de policiais civis da Coordena\u00e7\u00e3o de Combate ao Crime Organizado, aos Crimes contra a Administra\u00e7\u00e3o P\u00fablica e contra a Ordem Tribut\u00e1ria (CECOR).<\/p>\n<p>Foi uma investiga\u00e7\u00e3o tamb\u00e9m digna de filme. Como os sistemas de identifica\u00e7\u00e3o das diferentes unidades da federa\u00e7\u00e3o n\u00e3o s\u00e3o integrados, Marcel Aparecido da Silva ou Marcelo Reis da Silva foi encontrado somente agora durante a apura\u00e7\u00e3o da CECOR sobre outros crimes. O cruzamento de digitais levou \u00e0 elucida\u00e7\u00e3o do caso.<\/p>\n<p>A investiga\u00e7\u00e3o foi batizada como Opera\u00e7\u00e3o Destro, porque ele era tido como um dos bra\u00e7os direitos de Jos\u00e9 Reinaldo Girotti, apontado como l\u00edder de uma organiza\u00e7\u00e3o criminosa dedicada a roubo de bancos.<\/p>\n<p>Os policiais civis liderados pelo delegado Fernando Cesar Costa, chefe da CECOR, cumpriram mandado de pris\u00e3o preventiva expedido pela 2\u00aa Vara Criminal de Bras\u00edlia. A pris\u00e3o tamb\u00e9m tem sabor especial para os delegados e agentes envolvidos no caso por ser hoje (21\/04) o dia do policial civil, uma vez que o assalto \u00e0 ag\u00eancia JK foi um dos crimes que marcam a hist\u00f3ria de Bras\u00edlia.<\/p>\n<p>O alvo preso hoje tem dois registros civis. No Distrito Federal, ele \u00e9 Marcel Aparecido da Silva. Em S\u00e3o Bernardo do Campo (SP), est\u00e1 cadastrado no sistema de identifica\u00e7\u00e3o como Marcelo Reis da Silva. No dois prontu\u00e1rios, consta a mesma filia\u00e7\u00e3o. Per\u00edcia realizada pelo Instituto de Identifica\u00e7\u00e3o da Pol\u00edcia Civil do DF atestou se tratar da mesma pessoa. Ele foi preso hoje quando sa\u00eda de casa em S\u00e3o Paulo e ser\u00e1 trazido para Bras\u00edlia.<\/p>\n<p>O assalto \u00e0 ag\u00eancia do BRB no edif\u00edcio Bras\u00edlia Trade Center, no Setor Comercial Norte, ocorrido em outubro de 2001, provocou um preju\u00edzo incalcul\u00e1vel.<\/p>\n<p>Numa a\u00e7\u00e3o planejada como num filme policial, nove\u00a0homens sequestraram o gerente, o superintendente e o tesoureiro do banco em tr\u00eas pontos distintos da cidade. Os familiares dos funcion\u00e1rios tamb\u00e9m foram levados pelos criminosos. Ao todo, 17 pessoas foram feitas ref\u00e9ns numa mans\u00e3o do Park Way.<\/p>\n<p>De manh\u00e3, armados com metralhadoras e pistolas autom\u00e1ticas, os criminosos foram \u00e0 ag\u00eancia com tr\u00eas funcion\u00e1rios do banco sob o alvo da quadrilha, invadiram a ag\u00eancia em que havia cofres particulares e deixaram a cena do crime levando uma fortuna em moedas, a\u00e7\u00f5es de empresas e outros objetos e documentos valiosos.<\/p>\n<p>Entre os 70 cofres roubados, um guardava joias, objetos pessoais e pe\u00e7as de valor sentimental para a fam\u00edlia do ex-presidente Juscelino Kubitschek. A ag\u00eancia foi inaugurada na v\u00e9spera do 33\u00b0 anivers\u00e1rio da capital, em 1993, e ganhou o nome de JK em homenagem ao fundador de Bras\u00edlia. Agora, 25 anos depois, a investiga\u00e7\u00e3o sobre o maior roubo a banco da hist\u00f3ria do DF chega ao fim.<\/p>\n","protected":false},"excerpt":{"rendered":"<p>ANA MARIA CAMPOS Poderia ser o roteiro de um filme com um final surpreendente. Foragido h\u00e1 16 anos e meio, um dos respons\u00e1veis pelo assalto da ag\u00eancia JK do BRB, ocorrido numa ousada a\u00e7\u00e3o criminosa, foi preso em S\u00e3o Paulo neste s\u00e1bado (21\/04), por coincid\u00eancia no anivers\u00e1rio de Bras\u00edlia, pela equipe de policiais civis da Coordena\u00e7\u00e3o de Combate ao Crime [&hellip;]<\/p>\n","protected":false},"author":9,"featured_media":11098,"comment_status":"open","ping_status":"closed","sticky":false,"template":"","format":"standard","meta":{"footnotes":""},"categories":[234],"tags":[1232,1015,286,1051,1233],"class_list":["post-11097","post","type-post","status-publish","format-standard","has-post-thumbnail","hentry","category-cb-poder","tag-agencia-jk","tag-assalto","tag-brb","tag-cecor","tag-operacao-destro"],"_links":{"self":[{"href":"https:\/\/blogs.correiobraziliense.com.br\/cbpoder\/wp-json\/wp\/v2\/posts\/11097","targetHints":{"allow":["GET"]}}],"collection":[{"href":"https:\/\/blogs.correiobraziliense.com.br\/cbpoder\/wp-json\/wp\/v2\/posts"}],"about":[{"href":"https:\/\/blogs.correiobraziliense.com.br\/cbpoder\/wp-json\/wp\/v2\/types\/post"}],"author":[{"embeddable":true,"href":"https:\/\/blogs.correiobraziliense.com.br\/cbpoder\/wp-json\/wp\/v2\/users\/9"}],"replies":[{"embeddable":true,"href":"https:\/\/blogs.correiobraziliense.com.br\/cbpoder\/wp-json\/wp\/v2\/comments?post=11097"}],"version-history":[{"count":10,"href":"https:\/\/blogs.correiobraziliense.com.br\/cbpoder\/wp-json\/wp\/v2\/posts\/11097\/revisions"}],"predecessor-version":[{"id":11108,"href":"https:\/\/blogs.correiobraziliense.com.br\/cbpoder\/wp-json\/wp\/v2\/posts\/11097\/revisions\/11108"}],"wp:featuredmedia":[{"embeddable":true,"href":"https:\/\/blogs.correiobraziliense.com.br\/cbpoder\/wp-json\/wp\/v2\/media\/11098"}],"wp:attachment":[{"href":"https:\/\/blogs.correiobraziliense.com.br\/cbpoder\/wp-json\/wp\/v2\/media?parent=11097"}],"wp:term":[{"taxonomy":"category","embeddable":true,"href":"https:\/\/blogs.correiobraziliense.com.br\/cbpoder\/wp-json\/wp\/v2\/categories?post=11097"},{"taxonomy":"post_tag","embeddable":true,"href":"https:\/\/blogs.correiobraziliense.com.br\/cbpoder\/wp-json\/wp\/v2\/tags?post=11097"}],"curies":[{"name":"wp","href":"https:\/\/api.w.org\/{rel}","templated":true}]}}