{"id":11081,"date":"2018-04-18T20:12:14","date_gmt":"2018-04-18T23:12:14","guid":{"rendered":"https:\/\/blogs.correiobraziliense.com.br\/cbpoder\/?p=11081"},"modified":"2018-04-18T20:21:00","modified_gmt":"2018-04-18T23:21:00","slug":"advogado-willer-tomaz-vai-responder-na-justica-por-denuncia-falsa-contra-desembargador-diaulas-ribeiro","status":"publish","type":"post","link":"https:\/\/blogs.correiobraziliense.com.br\/cbpoder\/advogado-willer-tomaz-vai-responder-na-justica-por-denuncia-falsa-contra-desembargador-diaulas-ribeiro\/","title":{"rendered":"Advogado Willer Tomaz vai responder na Justi\u00e7a por den\u00fancia falsa contra desembargador Diaulas Ribeiro"},"content":{"rendered":"<p>ANA MARIA CAMPOS<\/p>\n<p>A Primeira Vara Criminal de Bras\u00edlia\u00a0recebeu nesta ter\u00e7a-feira (17\/04) uma den\u00fancia contra o advogado\u00a0Willer Tomaz de Souza, pelo crime de &#8220;denuncia\u00e7\u00e3o caluniosa praticada por meio de nome suposto&#8221;. A v\u00edtima \u00e9 o desembargador Diaulas Costa Ribeiro, do Tribunal de Justi\u00e7a do Distrito Federal e Territ\u00f3rios (TJDFT). Segundo a a\u00e7\u00e3o penal, ajuizada pelos\u00a0promotores de Justi\u00e7a do Grupo de Atua\u00e7\u00e3o Especial do Combate ao Crime Organizado (Gaeco), Willer usou, em 2013, as prerrogativas de presidente da Comiss\u00e3o de Erro M\u00e9dico da Ordem dos Advogados do Brasil no Distrito Federal (OAB\/DF) para fazer uma representa\u00e7\u00e3o contra Diaulas, ent\u00e3o promotor de Justi\u00e7a, \u00e0s v\u00e9speras de sua promo\u00e7\u00e3o ao cargo de procurador de Justi\u00e7a.<\/p>\n<p>Willer Tomaz j\u00e1\u00a0responde a uma outra a\u00e7\u00e3o penal pelo suposto envolvimento na coopta\u00e7\u00e3o e corrup\u00e7\u00e3o de um procurador da Rep\u00fablica para beneficiar a empresa JBS com o vazamento de informa\u00e7\u00f5es sigilosas, epis\u00f3dio revelado durante a Opera\u00e7\u00e3o Patmos.\u00a0\u00a0Neste caso, ele chegou a ter a pris\u00e3o preventiva decretada, passou dois meses na pris\u00e3o e seu luxuoso escrit\u00f3rio no Lago Sul foi alvo de uma a\u00e7\u00e3o de busca e apreens\u00e3o.<\/p>\n<p>Segundo a den\u00fancia oferecida nesta semana pelo Gaeco, Willer Tomaz fez uma arma\u00e7\u00e3o para prejudicar Diaulas Ribeiro. O ent\u00e3o promotor de Justi\u00e7a chegou a ser alvo de uma sindic\u00e2ncia conduzida pela Corregedoria do Minist\u00e9rio P\u00fablico do DF, que concluiu pela improced\u00eancia das acusa\u00e7\u00f5es.<\/p>\n<p>Para prejudicar Diaulas e apontar o envolvimento dele em crime de concuss\u00e3o, Willer Tomaz teria usado o nome de Haeckel Cabral Moraes, m\u00e9dico denunciado pelo promotor de Justi\u00e7a que respondia pela PR\u00d3-Vida.<\/p>\n<p>Por meio de um e-mail, Willer se fez passar pelo m\u00e9dico para denunciar que este foi v\u00edtima de um suborno para n\u00e3o ser denunciado por Diaulas como respons\u00e1vel por erro m\u00e9dico na cirurgia pl\u00e1stica que levou \u00e0 morte da jornalista Lanusse Martins Barbosa, em 2010.<\/p>\n<p>Na pe\u00e7a, os promotores explicam que Diaulas recebeu o m\u00e9dico em seu gabinete no Minist\u00e9rio P\u00fablico do DF e, durante uma conversa na presen\u00e7a de dois advogados, informou que, caso Haeckel fosse denunciado por homic\u00eddio culposo simples, uma das condi\u00e7\u00f5es obrigat\u00f3rias para a suspens\u00e3o condicional do processo seria, como ocorria em v\u00e1rios casos na PR\u00d3-Vida, o pagamento de uma indeniza\u00e7\u00e3o ao filho de Lanusse. Esse valor seria de aproximadamente R$ 300 mil \u00e0 crian\u00e7a de seis anos.<\/p>\n<p>Ocorre que, ao fim do procedimento, Diaulas se convenceu de que se tratava de um homic\u00eddio com dolo eventual e n\u00e3o havia possibilidade de qualquer suspens\u00e3o do processso. O m\u00e9dico foi, ent\u00e3o, denunciado por Diaulas por homic\u00eddio doloso, em abril de 2010.<\/p>\n<p>Os promotores do Gaeco apontam que, tempos depois, o m\u00e9dico comentou com o procurador de Justi\u00e7a Eduardo Albuquerque o teor da conversa que manteve com Diaulas sobre a poss\u00edvel indeniza\u00e7\u00e3o para a fam\u00edlia de Lanusse. Albuquerque e Willer Tomaz teriam, ent\u00e3o, proposto que o m\u00e9dico tomasse medidas legais contra Diaulas, mas ele se recusou.<\/p>\n<p>Willer, ent\u00e3o, teria criado um e-mail com o nome do m\u00e9dico e enviou uma mensagem eletr\u00f4nica \u00e0 ouvidoria da OAB\/DF. Com base nessa den\u00fancia, que ele mesmo teria enviado \u00e0 OAB, Willer encaminhou uma representa\u00e7\u00e3o \u00e0 ent\u00e3o procuradora-geral de Justi\u00e7a do DF, Eunice Amorim Carvalhido, para que o caso fosse investigado.<\/p>\n<p>Durante a sindic\u00e2ncia,\u00a0 Haeckel Cabral Moraes negou a autoria da representa\u00e7\u00e3o contra Diaulas e tamb\u00e9m que tenha sofrido qualquer tentativa de suborno por parte dele. O Minist\u00e9rio P\u00fablico do DF recebeu a informa\u00e7\u00e3o do Google de que a conta de e-mail usada para comunicar o crime \u00e0 OAB\/DF foi criada 20 minutos antes do envio da mensagem eletr\u00f4nica com a acusa\u00e7\u00e3o falsa. Al\u00e9m disso, o n\u00famero de telefone usado no momento da cria\u00e7\u00e3o da conta era utilizado por Willer Tomaz, segundo a apura\u00e7\u00e3o do MPDFT.<\/p>\n<p>Outro fato levado em conta: o IP do computador usado no momento do envio estava situado em Buenos Aires. Na data da mensagem, o advogado estava na capital argentina, segundo informa\u00e7\u00f5es da Pol\u00edcia Federal. Al\u00e9m disso, o e-mail foi usado para apenas seis mensagens, sendo cinco recebidas da OAB\/DF e outra dirigida ao pr\u00f3prio Willer e ao governador do Maranh\u00e3o, Fl\u00e1vio Dino.<\/p>\n<p>A suspeita levantada pelo MPDFT \u00e9 de que a opera\u00e7\u00e3o foi engendrada como vingan\u00e7a por Dino, que se tornou inimigo de Diaulas desde que ele decidiu n\u00e3o denunciar a m\u00e9dica respons\u00e1vel pelo atendimento do filho do governador Marcelo Dino que morreu, no Hospital Santa L\u00facia, em decorr\u00eancia de uma crise de asma. Uma representa\u00e7\u00e3o contra Dino e Albuquerque foi arquivada pelo Superior Tribunal de Justi\u00e7a (STJ). Dessa forma, eles n\u00e3o respondem pelo epis\u00f3dio.<\/p>\n<p>Procurado pelo <strong>Correio<\/strong>, o desembargador Diaulas Ribeiro disse que sempre confiou na Justi\u00e7a e no Minist\u00e9rio P\u00fablico. O <strong>Correio<\/strong> n\u00e3o localizou a defesa de Willer Tomaz.<\/p>\n<p>&nbsp;<\/p>\n","protected":false},"excerpt":{"rendered":"<p>ANA MARIA CAMPOS A Primeira Vara Criminal de Bras\u00edlia\u00a0recebeu nesta ter\u00e7a-feira (17\/04) uma den\u00fancia contra o advogado\u00a0Willer Tomaz de Souza, pelo crime de &#8220;denuncia\u00e7\u00e3o caluniosa praticada por meio de nome suposto&#8221;. A v\u00edtima \u00e9 o desembargador Diaulas Costa Ribeiro, do Tribunal de Justi\u00e7a do Distrito Federal e Territ\u00f3rios (TJDFT). Segundo a a\u00e7\u00e3o penal, ajuizada pelos\u00a0promotores de Justi\u00e7a do Grupo de [&hellip;]<\/p>\n","protected":false},"author":9,"featured_media":11083,"comment_status":"open","ping_status":"closed","sticky":false,"template":"","format":"standard","meta":{"footnotes":""},"categories":[234],"tags":[1228,754,1229,274,753],"class_list":["post-11081","post","type-post","status-publish","format-standard","has-post-thumbnail","hentry","category-cb-poder","tag-denunciacao-caluniosa","tag-diaulas-ribeiro","tag-haeckel-cabral-moraes","tag-oab","tag-willer-tomaz"],"_links":{"self":[{"href":"https:\/\/blogs.correiobraziliense.com.br\/cbpoder\/wp-json\/wp\/v2\/posts\/11081","targetHints":{"allow":["GET"]}}],"collection":[{"href":"https:\/\/blogs.correiobraziliense.com.br\/cbpoder\/wp-json\/wp\/v2\/posts"}],"about":[{"href":"https:\/\/blogs.correiobraziliense.com.br\/cbpoder\/wp-json\/wp\/v2\/types\/post"}],"author":[{"embeddable":true,"href":"https:\/\/blogs.correiobraziliense.com.br\/cbpoder\/wp-json\/wp\/v2\/users\/9"}],"replies":[{"embeddable":true,"href":"https:\/\/blogs.correiobraziliense.com.br\/cbpoder\/wp-json\/wp\/v2\/comments?post=11081"}],"version-history":[{"count":4,"href":"https:\/\/blogs.correiobraziliense.com.br\/cbpoder\/wp-json\/wp\/v2\/posts\/11081\/revisions"}],"predecessor-version":[{"id":11086,"href":"https:\/\/blogs.correiobraziliense.com.br\/cbpoder\/wp-json\/wp\/v2\/posts\/11081\/revisions\/11086"}],"wp:featuredmedia":[{"embeddable":true,"href":"https:\/\/blogs.correiobraziliense.com.br\/cbpoder\/wp-json\/wp\/v2\/media\/11083"}],"wp:attachment":[{"href":"https:\/\/blogs.correiobraziliense.com.br\/cbpoder\/wp-json\/wp\/v2\/media?parent=11081"}],"wp:term":[{"taxonomy":"category","embeddable":true,"href":"https:\/\/blogs.correiobraziliense.com.br\/cbpoder\/wp-json\/wp\/v2\/categories?post=11081"},{"taxonomy":"post_tag","embeddable":true,"href":"https:\/\/blogs.correiobraziliense.com.br\/cbpoder\/wp-json\/wp\/v2\/tags?post=11081"}],"curies":[{"name":"wp","href":"https:\/\/api.w.org\/{rel}","templated":true}]}}