{"id":11075,"date":"2018-04-17T23:23:18","date_gmt":"2018-04-18T02:23:18","guid":{"rendered":"https:\/\/blogs.correiobraziliense.com.br\/cbpoder\/?p=11075"},"modified":"2018-04-17T23:23:18","modified_gmt":"2018-04-18T02:23:18","slug":"stj-nega-soltura-de-bruno-ortiz-um-dos-lideres-da-mafia-dos-concursos","status":"publish","type":"post","link":"https:\/\/blogs.correiobraziliense.com.br\/cbpoder\/stj-nega-soltura-de-bruno-ortiz-um-dos-lideres-da-mafia-dos-concursos\/","title":{"rendered":"STJ nega soltura de Bruno Ortiz, um dos l\u00edderes da M\u00e1fia dos Concursos"},"content":{"rendered":"<p><span style=\"font-weight: 400\">A ministra do Superior Tribunal de Justi\u00e7a (STJ) Maria Thereza de Assis Moura negou uma liminar que pedia a soltura de Bruno Ortiz, integrante da c\u00fapula da M\u00e1fia dos Concursos. Pela suposta participa\u00e7\u00e3o no esquema que fraudou dezenas de certames e vestibulares entre 2013 e 2017, <a href=\"https:\/\/blogs.correiobraziliense.com.br\/cbpoder\/pcdf-prende-mafia-de-concursos\/\" target=\"_blank\">o servidor p\u00fablico est\u00e1 preso preventivamente desde agosto \u00faltimo<\/a>. <\/span><\/p>\n<p>&nbsp;<\/p>\n<p><span style=\"font-weight: 400\">Na decis\u00e3o judicial, que data do \u00faltimo dia 6, a magistrada disse n\u00e3o vislumbrar \u201cmanifesto constrangimento ilegal a ensejar o deferimento da medida de urg\u00eancia\u201d. \u201cVerifica-se que a cust\u00f3dia est\u00e1 amparada nas circunst\u00e2ncias concretas do delito e no modus operandi utilizado\u201d, argumentou. <\/span><\/p>\n<p>&nbsp;<\/p>\n<p><span style=\"font-weight: 400\">Com o indeferimento, a desembargadora pediu \u00e0 Vara Criminal e Tribunal do J\u00fari de \u00c1guas Claras informa\u00e7\u00f5es sobre a a\u00e7\u00e3o penal e encaminhou os autos ao Minist\u00e9rio P\u00fablico Federal (MPF) para manifesta\u00e7\u00e3o. Ao receber as documenta\u00e7\u00f5es, a magistrada deve decidir sobre o m\u00e9rito do <\/span><i><span style=\"font-weight: 400\">habeas corpus<\/span><\/i><span style=\"font-weight: 400\">. \u00a0<\/span><\/p>\n<p>&nbsp;<\/p>\n<p><span style=\"font-weight: 400\">Bruno Ortiz tornou-se r\u00e9u, em setembro \u00faltimo, por fraude a certame de interesse p\u00fablico, falsifica\u00e7\u00e3o de documento p\u00fablico e organiza\u00e7\u00e3o criminosa <\/span><span style=\"font-weight: 400\">\u2014 a<\/span><span style=\"font-weight: 400\"> defesa entregou as alega\u00e7\u00f5es finais \u00e0 Justi\u00e7a e aguarda a senten\u00e7a. <a href=\"http:\/\/concursos.correioweb.com.br\/app\/noticias\/2018\/03\/29\/noticiasinterna,38104\/fraude-em-concurso-da-secretaria-de-educacao-do-df-leva-educadores-a-c.shtml\" target=\"_blank\">Durante as investiga\u00e7\u00f5es, diversas pessoas garantiram que repassaram valores a ele pela aprova\u00e7\u00e3o em concursos<\/a>. <\/span><\/p>\n<p>&nbsp;<\/p>\n<h2><b>Fraude e recebimentos mensais<\/b><\/h2>\n<p>&nbsp;<\/p>\n<p><span style=\"font-weight: 400\">Bruno Ortiz est\u00e1 lotado no Tribunal de Justi\u00e7a do Estado do Par\u00e1 (TJPA), mas n\u00e3o atua na fun\u00e7\u00e3o designada desde agosto de 2006. Filho de Helio Ortiz, l\u00edder da organiza\u00e7\u00e3o criminosa, est\u00e1 afastado do cargo de oficial de Justi\u00e7a dos Juizados Especiais desde a deflagra\u00e7\u00e3o da Opera\u00e7\u00e3o Galileu, que apurou irregularidades similares em 2005.<\/span><\/p>\n<p>&nbsp;<\/p>\n<blockquote><p><span style=\"font-weight: 400\">Bruno recebe, mensalmente, R$ 1.332,73, valor equivalente a dois ter\u00e7os da remunera\u00e7\u00e3o total. A manuten\u00e7\u00e3o do repasse dos vencimentos est\u00e1 prevista no Regime \u00danico Jur\u00eddico. Ele, no entanto, permanecer\u00e1 afastado do cargo at\u00e9 que as a\u00e7\u00f5es penal e de improbidade administrativa em que \u00e9 citado transitem em julgado \u2014 quando n\u00e3o cabem mais recursos.<\/span><\/p><\/blockquote>\n<p>&nbsp;<\/p>\n<p><span style=\"font-weight: 400\">A suspeita \u00e9 de que tenha conseguido a aprova\u00e7\u00e3o no TJEPA de forma fraudulenta, em 2003, conforme investiga\u00e7\u00e3o da Opera\u00e7\u00e3o Galileu. Na senten\u00e7a de 17 de julho de 2017, relativa \u00e0 esfera criminal, o juiz da 10\u00aa Vara Federal, Vallisney de Souza, o absolveu, em primeira inst\u00e2ncia, dos crimes de associa\u00e7\u00e3o criminosa e estelionato. O Minist\u00e9rio P\u00fablico Federal (MPF), entretanto, pode recorrer da decis\u00e3o. \u00c0 \u00e9poca, n\u00e3o havia legisla\u00e7\u00e3o que enquadrasse fraudes em concursos p\u00fablicos. No \u00e2mbito c\u00edvel, a Justi\u00e7a Federal acatou a a\u00e7\u00e3o de improbidade administrativa, mas n\u00e3o bateu o martelo sobre uma eventual condena\u00e7\u00e3o.<\/span><\/p>\n","protected":false},"excerpt":{"rendered":"<p>A ministra do Superior Tribunal de Justi\u00e7a (STJ) Maria Thereza de Assis Moura negou uma liminar que pedia a soltura de Bruno Ortiz, integrante da c\u00fapula da M\u00e1fia dos Concursos. Pela suposta participa\u00e7\u00e3o no esquema que fraudou dezenas de certames e vestibulares entre 2013 e 2017, o servidor p\u00fablico est\u00e1 preso preventivamente desde agosto \u00faltimo. &nbsp; Na decis\u00e3o judicial, que [&hellip;]<\/p>\n","protected":false},"author":90,"featured_media":9274,"comment_status":"open","ping_status":"closed","sticky":false,"template":"","format":"standard","meta":{"footnotes":""},"categories":[234],"tags":[1206,848],"class_list":["post-11075","post","type-post","status-publish","format-standard","has-post-thumbnail","hentry","category-cb-poder","tag-bruno-ortiz","tag-mafia-dos-concursos"],"_links":{"self":[{"href":"https:\/\/blogs.correiobraziliense.com.br\/cbpoder\/wp-json\/wp\/v2\/posts\/11075","targetHints":{"allow":["GET"]}}],"collection":[{"href":"https:\/\/blogs.correiobraziliense.com.br\/cbpoder\/wp-json\/wp\/v2\/posts"}],"about":[{"href":"https:\/\/blogs.correiobraziliense.com.br\/cbpoder\/wp-json\/wp\/v2\/types\/post"}],"author":[{"embeddable":true,"href":"https:\/\/blogs.correiobraziliense.com.br\/cbpoder\/wp-json\/wp\/v2\/users\/90"}],"replies":[{"embeddable":true,"href":"https:\/\/blogs.correiobraziliense.com.br\/cbpoder\/wp-json\/wp\/v2\/comments?post=11075"}],"version-history":[{"count":2,"href":"https:\/\/blogs.correiobraziliense.com.br\/cbpoder\/wp-json\/wp\/v2\/posts\/11075\/revisions"}],"predecessor-version":[{"id":11077,"href":"https:\/\/blogs.correiobraziliense.com.br\/cbpoder\/wp-json\/wp\/v2\/posts\/11075\/revisions\/11077"}],"wp:featuredmedia":[{"embeddable":true,"href":"https:\/\/blogs.correiobraziliense.com.br\/cbpoder\/wp-json\/wp\/v2\/media\/9274"}],"wp:attachment":[{"href":"https:\/\/blogs.correiobraziliense.com.br\/cbpoder\/wp-json\/wp\/v2\/media?parent=11075"}],"wp:term":[{"taxonomy":"category","embeddable":true,"href":"https:\/\/blogs.correiobraziliense.com.br\/cbpoder\/wp-json\/wp\/v2\/categories?post=11075"},{"taxonomy":"post_tag","embeddable":true,"href":"https:\/\/blogs.correiobraziliense.com.br\/cbpoder\/wp-json\/wp\/v2\/tags?post=11075"}],"curies":[{"name":"wp","href":"https:\/\/api.w.org\/{rel}","templated":true}]}}