{"id":11050,"date":"2018-04-16T17:20:07","date_gmt":"2018-04-16T20:20:07","guid":{"rendered":"https:\/\/blogs.correiobraziliense.com.br\/cbpoder\/?p=11050"},"modified":"2018-04-16T17:37:25","modified_gmt":"2018-04-16T20:37:25","slug":"rollemberg-diz-que-trabalhara-ate-o-ultimo-minuto-para-garantir-icipe-na-gestao-do-hospital-da-crianca","status":"publish","type":"post","link":"https:\/\/blogs.correiobraziliense.com.br\/cbpoder\/rollemberg-diz-que-trabalhara-ate-o-ultimo-minuto-para-garantir-icipe-na-gestao-do-hospital-da-crianca\/","title":{"rendered":"Rollemberg diz que trabalhar\u00e1 &#8220;at\u00e9 o \u00faltimo minuto&#8221; para garantir Icipe na gest\u00e3o do Hospital da Crian\u00e7a"},"content":{"rendered":"<p><span style=\"font-weight: 400\">O governador Rodrigo Rollemberg (PSB) classificou como \u201cpersegui\u00e7\u00e3o pol\u00edtica e ideol\u00f3gica\u201d a a\u00e7\u00e3o de improbidade administrativa que resultou no <a href=\"https:\/\/www.correiobraziliense.com.br\/app\/noticia\/cidades\/2018\/04\/13\/interna_cidadesdf,673564\/instituto-entrega-gestao-do-hospital-da-crianca-de-brasilia-ao-gdf.shtml\" target=\"_blank\">afastamento do <\/a><\/span><span style=\"font-weight: 400\"><a href=\"https:\/\/www.correiobraziliense.com.br\/app\/noticia\/cidades\/2018\/04\/13\/interna_cidadesdf,673564\/instituto-entrega-gestao-do-hospital-da-crianca-de-brasilia-ao-gdf.shtml\" target=\"_blank\">Instituto do C\u00e2ncer Infantil e Pediatria Especializada (Icipe) da gest\u00e3o do Hospital da Crian\u00e7a de Bras\u00edlia Jos\u00e9 de Alencar (HCB)<\/a>. Em entrevista ao programa\u00a0<\/span><b>CB.Poder <\/b><span style=\"font-weight: 400\">desta segunda-feira (16\/04), uma parceria entre a TV Bras\u00edlia e o <strong>Correio<\/strong>, o socialista garantiu que \u201cqualquer outro modelo, neste momento, traria um enorme preju\u00edzo ao atendimento da popula\u00e7\u00e3o\u201d.<\/span><\/p>\n<p>&nbsp;<\/p>\n<p>Para Rollemberg, a decis\u00e3o judicial que proibiu o Icipe de participar de contratos com o poder p\u00fablico por tr\u00eas anos n\u00e3o se justifica. \u201cNessa a\u00e7\u00e3o movida pela Marisa Isar [promotora de Justi\u00e7a de Defesa da Sa\u00fade], eles n\u00e3o acusam os gestores de desvio de recursos, corrup\u00e7\u00e3o ou idoneidade. Questionam a forma de contrata\u00e7\u00e3o. Isso j\u00e1 foi analisado pelo Tribunal de Contas do DF (TCDF), que a considerou legal. Est\u00e1 muito claro que \u00e9 uma persegui\u00e7\u00e3o pol\u00edtica e ideol\u00f3gica\u201d, pontuou.<\/p>\n<p>&nbsp;<\/p>\n<p><span style=\"font-weight: 400\">O chefe do Buriti lembrou que o governo est\u00e1 prestes a inaugurar 202 novos leitos no centro m\u00e9dico. \u201cPortanto, vamos trabalhar at\u00e9 o \u00faltimo minuto, com todas as nossas for\u00e7as, no sentido de garantir que a gest\u00e3o do Hospital da Crian\u00e7a continue sendo feita pelo Icipe. Se for preciso fazer algum ajuste ou um novo chamamento, faremos. Mas \u00e9 muito importante a continuidade do modelo\u201d.<\/span><\/p>\n<p>&nbsp;<\/p>\n<h2><b>Corrida eleitoral<\/b><\/h2>\n<p>&nbsp;<\/p>\n<p><span style=\"font-weight: 400\">Pr\u00e9-candidato \u00e0 reelei\u00e7\u00e3o, Rollemberg tamb\u00e9m comentou o cen\u00e1rio eleitoral. Ele n\u00e3o descartou uma alian\u00e7a com o PDT, que desembarcou da base governista em outubro \u00faltimo e chegou a lan\u00e7ar o nome do presidente da C\u00e2mara Legislativa, Joe Valle, ao Buriti <\/span><span style=\"font-weight: 400\">\u2014 o distrital, contudo, abriu m\u00e3o do projeto para tentar concorrer ao Senado na chapa do ex-secret\u00e1rio de Sa\u00fade Jofran Frejat (PR)<\/span><span style=\"font-weight: 400\">. \u201c<\/span><span style=\"font-weight: 400\">As composi\u00e7\u00f5es nacionais ter\u00e3o um reflexo muito grande nas estaduais. Se o PSB, eventualmente, apoiar a candidatura de Ciro Gomes, \u00e9 claro que, naqueles estados onde o PSB tem governadores candidatos \u00e0 reelei\u00e7\u00e3o, o natural ser\u00e1 que o PDT os apoie\u201d, argumentou. <\/span><\/p>\n<p>&nbsp;<\/p>\n<p><span style=\"font-weight: 400\">O governador destacou que o PT est\u00e1 fora dos planos socialistas, a n\u00edveis nacional e local, garantiu torcer pela constru\u00e7\u00e3o de uma coaliz\u00e3o \u201cunificando todo o campo progressista em Bras\u00edlia\u201d, com PDT, Rede, PV, PCdoB e PHS, e alfinetou a postura de Joe Valle. \u201cFico impressionado com Joe querendo estar na turma da Lava Jato. O que est\u00e1 se passando na cabe\u00e7a dele?\u201d, cutucou.<\/span><\/p>\n<p>&nbsp;<\/p>\n<p><span style=\"font-weight: 400\">O chefe do Pal\u00e1cio do Buriti ainda disse acreditar que, durante a campanha, conseguir\u00e1 diminuir os \u00edndices de rejei\u00e7\u00e3o por meio do di\u00e1logo. Sobre os embates com o funcionalismo, afirmou ter a consci\u00eancia tranquila. \u201cTenho muita convic\u00e7\u00e3o de que fui um bom governador para os servidores p\u00fablicos\u201d. Em rela\u00e7\u00e3o \u00e0 Pol\u00edcia Civil, que reivindica o reajuste salarial de 37%, afirmou que as negocia\u00e7\u00f5es foram atrapalhadas pelo Sinpol.<\/span><\/p>\n<p>&nbsp;<\/p>\n<h2><b>Racionamento<\/b><\/h2>\n<p>&nbsp;<\/p>\n<p><span style=\"font-weight: 400\">O governador adiantou que, na primeira quinzena de maio, anunciar\u00e1 a data do fim do racionamento de \u00e1gua, vigente desde janeiro de 2017. \u201cQueremos esperar os reservat\u00f3rios se estabilizarem, para fazermos as proje\u00e7\u00f5es de quanto ser\u00e1 gasto de \u00e1gua entre junho e outubro, e para que voltemos a ter a temporada de chuva, com pelo menos parte do funcionamento de Corumb\u00e1 IV\u201d, explicou.<\/span><\/p>\n<p>&nbsp;<\/p>\n<h3>Confira a \u00edntegra:<\/h3>\n<p>https:\/\/www.youtube.com\/watch?v=FWUbFcGRCzA&#038;list=PL1jCW7Sli6CYYyg4HF_pcf22P_NkDuk7l&#038;index=1&#038;t=0s<\/p>\n<p>&nbsp;<\/p>\n<p>&nbsp;<\/p>\n","protected":false},"excerpt":{"rendered":"<p>O governador Rodrigo Rollemberg (PSB) classificou como \u201cpersegui\u00e7\u00e3o pol\u00edtica e ideol\u00f3gica\u201d a a\u00e7\u00e3o de improbidade administrativa que resultou no afastamento do Instituto do C\u00e2ncer Infantil e Pediatria Especializada (Icipe) da gest\u00e3o do Hospital da Crian\u00e7a de Bras\u00edlia Jos\u00e9 de Alencar (HCB). Em entrevista ao programa\u00a0CB.Poder desta segunda-feira (16\/04), uma parceria entre a TV Bras\u00edlia e o Correio, o socialista garantiu [&hellip;]<\/p>\n","protected":false},"author":90,"featured_media":9294,"comment_status":"open","ping_status":"closed","sticky":false,"template":"","format":"standard","meta":{"footnotes":""},"categories":[234],"tags":[807,723,1224,1225,49],"class_list":["post-11050","post","type-post","status-publish","format-standard","has-post-thumbnail","hentry","category-cb-poder","tag-eleicoes-2018","tag-hospital-da-crianca","tag-icipe","tag-marisa-isar","tag-rollemberg"],"_links":{"self":[{"href":"https:\/\/blogs.correiobraziliense.com.br\/cbpoder\/wp-json\/wp\/v2\/posts\/11050","targetHints":{"allow":["GET"]}}],"collection":[{"href":"https:\/\/blogs.correiobraziliense.com.br\/cbpoder\/wp-json\/wp\/v2\/posts"}],"about":[{"href":"https:\/\/blogs.correiobraziliense.com.br\/cbpoder\/wp-json\/wp\/v2\/types\/post"}],"author":[{"embeddable":true,"href":"https:\/\/blogs.correiobraziliense.com.br\/cbpoder\/wp-json\/wp\/v2\/users\/90"}],"replies":[{"embeddable":true,"href":"https:\/\/blogs.correiobraziliense.com.br\/cbpoder\/wp-json\/wp\/v2\/comments?post=11050"}],"version-history":[{"count":4,"href":"https:\/\/blogs.correiobraziliense.com.br\/cbpoder\/wp-json\/wp\/v2\/posts\/11050\/revisions"}],"predecessor-version":[{"id":11054,"href":"https:\/\/blogs.correiobraziliense.com.br\/cbpoder\/wp-json\/wp\/v2\/posts\/11050\/revisions\/11054"}],"wp:featuredmedia":[{"embeddable":true,"href":"https:\/\/blogs.correiobraziliense.com.br\/cbpoder\/wp-json\/wp\/v2\/media\/9294"}],"wp:attachment":[{"href":"https:\/\/blogs.correiobraziliense.com.br\/cbpoder\/wp-json\/wp\/v2\/media?parent=11050"}],"wp:term":[{"taxonomy":"category","embeddable":true,"href":"https:\/\/blogs.correiobraziliense.com.br\/cbpoder\/wp-json\/wp\/v2\/categories?post=11050"},{"taxonomy":"post_tag","embeddable":true,"href":"https:\/\/blogs.correiobraziliense.com.br\/cbpoder\/wp-json\/wp\/v2\/tags?post=11050"}],"curies":[{"name":"wp","href":"https:\/\/api.w.org\/{rel}","templated":true}]}}