{"id":11020,"date":"2018-04-09T22:09:50","date_gmt":"2018-04-10T01:09:50","guid":{"rendered":"https:\/\/blogs.correiobraziliense.com.br\/cbpoder\/?p=11020"},"modified":"2018-04-09T22:24:24","modified_gmt":"2018-04-10T01:24:24","slug":"mpdft-pede-quebra-de-sigilo-telefonico-de-sandra-faraj","status":"publish","type":"post","link":"https:\/\/blogs.correiobraziliense.com.br\/cbpoder\/mpdft-pede-quebra-de-sigilo-telefonico-de-sandra-faraj\/","title":{"rendered":"Opera\u00e7\u00e3o Hemera: MPDFT pede quebra de sigilo telef\u00f4nico de Sandra Faraj"},"content":{"rendered":"<p><b>Ana Maria Campos<\/b><\/p>\n<p><b>Ana Viriato<\/b><\/p>\n<p>&nbsp;<\/p>\n<p><span style=\"font-weight: 400\">O Minist\u00e9rio P\u00fablico do DF e Territ\u00f3rios (MPDFT) pediu \u00e0 Justi\u00e7a local, nesta segunda-feira (09\/04), a quebra de sigilo telef\u00f4nico da distrital Sandra Faraj (PR) e do irm\u00e3o dela, o suplente de senador Fadi Faraj, al\u00e9m de outras tr\u00eas pessoas. O \u00f3rg\u00e3o quer ter acesso ao registro das liga\u00e7\u00f5es e ao conte\u00fado das mensagens trocadas pelos alvos no per\u00edodo compreendido entre 1\u00ba de janeiro e 28 de fevereiro de 2017.<\/span><\/p>\n<p>&nbsp;<\/p>\n<p><span style=\"font-weight: 400\">A distrital \u00e9 investigada na Opera\u00e7\u00e3o Hemera pelo suposto desvio de R$ 142 mil em verba indenizat\u00f3ria, valor que deveria ser repassado \u00e0 Ag\u00eancia Netpub, em raz\u00e3o da presta\u00e7\u00e3o de servi\u00e7os de inform\u00e1tica e publicidade ao longo de um ano. De acordo com o MPDFT, h\u00e1 ind\u00edcios de que, a mando dela, comissionados furtaram um computador com informa\u00e7\u00f5es prejudiciais \u00e0 parlamentar na sede da empresa, em 9 de fevereiro de 2017.<\/span><\/p>\n<p>&nbsp;<\/p>\n<p><span style=\"font-weight: 400\">O \u00f3rg\u00e3o destaca que, o acesso \u00e0s mensagens e liga\u00e7\u00f5es contribuiria para o esclarecimento da din\u00e2mica da pr\u00e1tica criminosa, \u201ca partir da demonstra\u00e7\u00e3o do padr\u00e3o usual de interlocu\u00e7\u00e3o telef\u00f4nica entre os investigados e da compara\u00e7\u00e3o com a quantidade, dura\u00e7\u00e3o e sequ\u00eancia das chamadas originadas\/recebidas na data do furto\u201d.<\/span><\/p>\n<p>&nbsp;<\/p>\n<p><span style=\"font-weight: 400\">Ademais, os registros das Esta\u00e7\u00f5es R\u00e1dio Base vinculadas aos celulares demonstrariam os deslocamentos dos investigados no dia do crime. Al\u00e9m de Sandra e Fadi Faraj, s\u00e3o alvos da medida os funcion\u00e1rios da parlamentar K\u00e1tia Siqueira e Harisson Nepomuceno; e o bra\u00e7o-direito\u00a0do suplente, Renato L\u00facio de Lima. <\/span><\/p>\n<p>&nbsp;<\/p>\n<h2><b>A\u00e7\u00f5es acumuladas contra Faraj<\/b><\/h2>\n<p>&nbsp;<\/p>\n<p><span style=\"font-weight: 400\">Pelo suposto desvio dos R$ 142 mil, a distrital foi denunciada, na esfera criminal, por estelionato majorado. A delibera\u00e7\u00e3o sobre o recebimento da den\u00fancia, <a href=\"https:\/\/www.correiobraziliense.com.br\/app\/noticia\/cidades\/2018\/03\/06\/interna_cidadesdf,664249\/julgamento-de-denuncia-por-estelionato-contra-sandra-faraj-e-suspenso.shtml\" target=\"_blank\">suspensa no m\u00eas passado<\/a>, ser\u00e1 retomada, nesta ter\u00e7a-feira (10), no Conselho Especial do Tribunal de Justi\u00e7a do DF e dos Territ\u00f3rios (TJDFT). Na \u00e1rea c\u00edvel, <a href=\"https:\/\/blogs.correiobraziliense.com.br\/cbpoder\/faraj-e-alvo-de-improbidade\/\" target=\"_blank\">ela responde por improbidade administrativa<\/a>. <\/span><span style=\"font-weight: 400\">H\u00e1, tamb\u00e9m, <a href=\"https:\/\/www.correiobraziliense.com.br\/app\/noticia\/cidades\/2018\/01\/31\/interna_cidadesdf,657011\/testemunha-afirma-que-sandra-faraj-nao-fez-pagamento-integral-a-netpub.shtml\" target=\"_blank\">uma a\u00e7\u00e3o em tr\u00e2mite na 2\u00aa Vara de Execu\u00e7\u00e3o Extrajudicial, que requer o pagamento da d\u00edvida<\/a>.<\/span><\/p>\n<p>&nbsp;<\/p>\n<p><span style=\"font-weight: 400\">O <\/span><b>Correio <\/b><span style=\"font-weight: 400\">tentou contato com Sandra Faraj, mas n\u00e3o obteve retorno at\u00e9 a \u00faltima atualiza\u00e7\u00e3o desta reportagem. Em oportunidades anteriores, a parlamentar disse ser \u201cv\u00edtima de uma vingan\u00e7a de ex-comissionados\u201d, se referindo ao propriet\u00e1rio da Netpub e ex-funcion\u00e1rio, Filipe Nogueira Coimbra, e ao ex-chefe de gabinete e testemunha de acusa\u00e7\u00e3o, Manoel Carneiro. <\/span><\/p>\n","protected":false},"excerpt":{"rendered":"<p>Ana Maria Campos Ana Viriato &nbsp; O Minist\u00e9rio P\u00fablico do DF e Territ\u00f3rios (MPDFT) pediu \u00e0 Justi\u00e7a local, nesta segunda-feira (09\/04), a quebra de sigilo telef\u00f4nico da distrital Sandra Faraj (PR) e do irm\u00e3o dela, o suplente de senador Fadi Faraj, al\u00e9m de outras tr\u00eas pessoas. O \u00f3rg\u00e3o quer ter acesso ao registro das liga\u00e7\u00f5es e ao conte\u00fado das mensagens [&hellip;]<\/p>\n","protected":false},"author":90,"featured_media":7890,"comment_status":"open","ping_status":"closed","sticky":false,"template":"","format":"standard","meta":{"footnotes":""},"categories":[234],"tags":[696,498,697,29],"class_list":["post-11020","post","type-post","status-publish","format-standard","has-post-thumbnail","hentry","category-cb-poder","tag-fadi-faraj","tag-mpdft","tag-operacao-hemera","tag-sandra-faraj"],"_links":{"self":[{"href":"https:\/\/blogs.correiobraziliense.com.br\/cbpoder\/wp-json\/wp\/v2\/posts\/11020","targetHints":{"allow":["GET"]}}],"collection":[{"href":"https:\/\/blogs.correiobraziliense.com.br\/cbpoder\/wp-json\/wp\/v2\/posts"}],"about":[{"href":"https:\/\/blogs.correiobraziliense.com.br\/cbpoder\/wp-json\/wp\/v2\/types\/post"}],"author":[{"embeddable":true,"href":"https:\/\/blogs.correiobraziliense.com.br\/cbpoder\/wp-json\/wp\/v2\/users\/90"}],"replies":[{"embeddable":true,"href":"https:\/\/blogs.correiobraziliense.com.br\/cbpoder\/wp-json\/wp\/v2\/comments?post=11020"}],"version-history":[{"count":3,"href":"https:\/\/blogs.correiobraziliense.com.br\/cbpoder\/wp-json\/wp\/v2\/posts\/11020\/revisions"}],"predecessor-version":[{"id":11023,"href":"https:\/\/blogs.correiobraziliense.com.br\/cbpoder\/wp-json\/wp\/v2\/posts\/11020\/revisions\/11023"}],"wp:featuredmedia":[{"embeddable":true,"href":"https:\/\/blogs.correiobraziliense.com.br\/cbpoder\/wp-json\/wp\/v2\/media\/7890"}],"wp:attachment":[{"href":"https:\/\/blogs.correiobraziliense.com.br\/cbpoder\/wp-json\/wp\/v2\/media?parent=11020"}],"wp:term":[{"taxonomy":"category","embeddable":true,"href":"https:\/\/blogs.correiobraziliense.com.br\/cbpoder\/wp-json\/wp\/v2\/categories?post=11020"},{"taxonomy":"post_tag","embeddable":true,"href":"https:\/\/blogs.correiobraziliense.com.br\/cbpoder\/wp-json\/wp\/v2\/tags?post=11020"}],"curies":[{"name":"wp","href":"https:\/\/api.w.org\/{rel}","templated":true}]}}