{"id":10987,"date":"2018-04-01T18:59:49","date_gmt":"2018-04-01T21:59:49","guid":{"rendered":"https:\/\/blogs.correiobraziliense.com.br\/cbpoder\/?p=10987"},"modified":"2018-04-01T18:59:49","modified_gmt":"2018-04-01T21:59:49","slug":"candidatos-com-mandato-terao-vantagem-nas-eleicoes","status":"publish","type":"post","link":"https:\/\/blogs.correiobraziliense.com.br\/cbpoder\/candidatos-com-mandato-terao-vantagem-nas-eleicoes\/","title":{"rendered":"Concorr\u00eancia desleal: candidatos com mandato ter\u00e3o vantagem nas elei\u00e7\u00f5es"},"content":{"rendered":"<p><strong>Ana Dubeux<\/strong><\/p>\n<p>&nbsp;<\/p>\n<p>A elei\u00e7\u00e3o deste ano tem tudo para ser a mais cara da hist\u00f3ria de Bras\u00edlia. Cara para o cidad\u00e3o comum, que bancar\u00e1 o fundo p\u00fablico eleitoral, esp\u00e9cie de banco de fomento das campanhas dos candidatos com mandato.<\/p>\n<p>&nbsp;<\/p>\n<p><span style=\"font-weight: 400\">Aprovado pelo Congresso Nacional no ano passado, o tal fundo \u2014 que n\u00e3o \u00e9 o mesmo que o fundo partid\u00e1rio \u2014 joga no bolso dos pol\u00edticos profissionais mais R$ 1,7 bilh\u00e3o dos cofres p\u00fablicos. Com isso, cada nobre deputado tem reservado para torrar na campanha mais de R$ 2,3 milh\u00f5es.<\/span><\/p>\n<p>&nbsp;<\/p>\n<p><span style=\"font-weight: 400\">Para ter alguma chance na disputa, os candidatos novatos precisar\u00e3o desembolsar muita grana e assim competir com quem tem o privil\u00e9gio do mandato. A lei foi feita sob medida para tentar, com a for\u00e7a da grana, impedir uma renova\u00e7\u00e3o pol\u00edtica, o que beneficiar\u00e1 os grandes partidos, perpetuando-os no poder.<\/span><\/p>\n<p>&nbsp;<\/p>\n<p><span style=\"font-weight: 400\">E o dinheiro n\u00e3o \u00e9 o \u00fanico aspecto s\u00f3rdido da campanha deste ano. Sem tempo de televis\u00e3o, pequenos partidos e novas legendas ter\u00e3o mais dificuldade de eleger seus candidatos. As 11 vagas do Distrito Federal para o Congresso Nacional e as 24 da C\u00e2mara Legislativa valer\u00e3o ouro.<\/span><\/p>\n<p>&nbsp;<\/p>\n<h2><b>Menina de ouro no PSB<\/b><\/h2>\n<p>&nbsp;<\/p>\n<p><span style=\"font-weight: 400\">A medalhista ol\u00edmpica Leila Barros se filia ao PSB esta semana. Ser\u00e1 preferencialmente candidata a deputada federal ou senadora. A conquista pela filia\u00e7\u00e3o \u00e9 do pr\u00f3prio Rollemberg, que negociou pessoalmente com a secret\u00e1ria de Esportes e ex-jogadora de v\u00f4lei.<\/span><\/p>\n<p>&nbsp;<\/p>\n<h2><b>O xadrez eleitoral candango<\/b><\/h2>\n<p>&nbsp;<\/p>\n<p><span style=\"font-weight: 400\">Cristovam Buarque, Joe Valle, Al\u00edrio Neto e Wanderley Tavares\u00a0t\u00eam encontro marcado na segunda-feira. A expectativa \u00e9 que, enfim, fechem o acordo em torno de uma chapa de terceira via. Joe, que andava meio indeciso em lan\u00e7ar seu nome ao governo, deu sinais de que talvez encare a parada. Se o presidente da C\u00e2mara Legislativa n\u00e3o mantiver a candidatura ao GDF deixar\u00e1 Cristovam em situa\u00e7\u00e3o solit\u00e1ria e delicada. \u00c9 evidente que o quadro nacional influencia diretamente o xadrez eleitoral candango. A crise das candidaturas majorit\u00e1rias, no plano maior, deixa as campanhas aqui no DF ainda mais indefinidas. O PSB vai lan\u00e7ar um nome pr\u00f3prio ao Planalto? Ciro Gomes far\u00e1 o mesmo pelo PDT? Geraldo Alckmin ter\u00e1 lastro com uma candidatura do PSDB?<\/span><\/p>\n<p>&nbsp;<\/p>\n<h2><b>Para bom entendedor&#8230;<\/b><\/h2>\n<p>&nbsp;<\/p>\n<p><span style=\"font-weight: 400\">A faixa carregada ontem na Via-Sacra de Planaltina era um recado claro aos pol\u00edticos que, depois de passarem quase quatro anos longe do brasiliense, reaparecem do nada como se fossem amigos de inf\u00e2ncia dos eleitores.<\/span><\/p>\n<p>&nbsp;<\/p>\n<h2><b>Assim \u00e9 (se lhe parece)<\/b><\/h2>\n<p>&nbsp;<\/p>\n<p><span style=\"font-weight: 400\">Uma postagem sobre a constru\u00e7\u00e3o das quadras 500 provocou um tsunami em tr\u00eas institui\u00e7\u00f5es pessoas f\u00edsicas de Bras\u00edlia: o arquiteto Carlos Magalh\u00e3es, a arquiteta Maria Elisa Costa (filha de Lucio Costa) e o governador Rollemberg, sobrinho de Maria Elisa. L\u00edngua afiada, Magalh\u00e3es posta nas redes sociais que a nova quadra \u00e9 uma agress\u00e3o descarada ao tombamento. Maria Elisa compartilha a mensagem. Ato cont\u00ednuo, uma das irm\u00e3s do governador parte em defesa dele. Maria Elisa toma conhecimento da nota, reconhece que errou e escreve um pedido de desculpas: \u201cAs acusa\u00e7\u00f5es de Magalh\u00e3es s\u00e3o descabidas gratuitas\u201d. Magalh\u00e3es reage e acusa arquiteta: \u201cVoc\u00ea colocou em xeque a sua credibilidade&#8230;\u201d<\/span><\/p>\n<p>&nbsp;<\/p>\n<h2><b>Marielle presente<\/b><\/h2>\n<p>&nbsp;<\/p>\n<p><span style=\"font-weight: 400\">As novas trilhas da Flona, a Floresta Nacional, ca\u00edram no gosto dos frequentadores. No meio do caminho, uma clareira nos convida a refletir&#8230; <\/span><\/p>\n<p>&nbsp;<\/p>\n<h2><b>\u00c9 muita sede&#8230;<\/b><\/h2>\n<p>&nbsp;<\/p>\n<p><span style=\"font-weight: 400\">Entre os projetos colocados como prioridade pelo Senado, na \u00e1rea de defesa do consumidor, est\u00e1 o PLS 378\/2015, de autoria do senador Jos\u00e9 Reguffe (sem partido\/DF), que pro\u00edbe a cobran\u00e7a de tarifa de assinatura b\u00e1sica e consumo m\u00ednimo. No DF os consumidores s\u00e3o obrigados a pagar 10 metros c\u00fabicos de \u00e1gua por m\u00eas mesmo que n\u00e3o usem. \u201cO justo \u00e9 o consumidor pagar apenas o que ele efetivamente consumir. Isso \u00e9 o correto\u201d, justificou Reguffe.<\/span><\/p>\n<p>&nbsp;<\/p>\n<h2><b>Jardim no Senado<\/b><\/h2>\n<p>&nbsp;<\/p>\n<p><span style=\"font-weight: 400\">Amigos mais \u00edntimos de Torquato Jardim, ministro da Justi\u00e7a, tentam convenc\u00ea-lo a se candidatar ao Senado por Bras\u00edlia. Ele, por ora, tem resistido. Morador da capital h\u00e1 mais de 40 anos, Torquato v\u00ea com muita preocupa\u00e7\u00e3o o crescimento desordenado do Entorno do DF: \u201cTemos aqui outra Baixada Fluminense\u201d.<\/span><\/p>\n<p>&nbsp;<\/p>\n<h2><b>O preferido<\/b><\/h2>\n<p>&nbsp;<\/p>\n<p><span style=\"font-weight: 400\">Kiko Caputo, ex-presidente da OAB\/DF, recebeu convite do PR, PSDB, PPS, PSB, PP, DEM e Podemos para concorrer \u00e0s elei\u00e7\u00f5es. Est\u00e1 na d\u00favida se vale mesmo a pena concorrer e por qual partido.<\/span><\/p>\n<p>&nbsp;<\/p>\n<h2><b>Peixe sem espinha<\/b><\/h2>\n<p>&nbsp;<\/p>\n<p><span style=\"font-weight: 400\">Rodrigo Rollemberg est\u00e1 certo de que Joaquim Barbosa se filiar\u00e1 ao PSB at\u00e9 sexta-feira. Ele e o ministro aposentado do STF almo\u00e7aram na Sexta-Feira Santa. Conversaram sobre a grave crise pol\u00edtica nacional, seus desdobramentos e a possibilidade de o partido ter o relator do Mensal\u00e3o como candidatura pr\u00f3pria \u00e0 Presid\u00eancia da Rep\u00fablica.<\/span><\/p>\n<p>&nbsp;<\/p>\n<h2><b>Esculhamba\u00e7\u00e3o<\/b><\/h2>\n<p>&nbsp;<\/p>\n<p><span style=\"font-weight: 400\">Depois de decretar ponto facultativo na quinta-feira, para que deputados e funcion\u00e1rios emendassem o feriad\u00e3o de Semana Santa, a C\u00e2mara Legislativa abriu as portas, ontem, com o objetivo de realizar filia\u00e7\u00f5es partid\u00e1ria do PP. N\u00e3o julguem mal a iniciativa. \u201cAfinal, foi por uma causa nobre\u201d, ironizavam os servidores escalados para o trabalho.<\/span><\/p>\n<p>&nbsp;<\/p>\n","protected":false},"excerpt":{"rendered":"<p>Ana Dubeux &nbsp; A elei\u00e7\u00e3o deste ano tem tudo para ser a mais cara da hist\u00f3ria de Bras\u00edlia. Cara para o cidad\u00e3o comum, que bancar\u00e1 o fundo p\u00fablico eleitoral, esp\u00e9cie de banco de fomento das campanhas dos candidatos com mandato. &nbsp; Aprovado pelo Congresso Nacional no ano passado, o tal fundo \u2014 que n\u00e3o \u00e9 o mesmo que o fundo [&hellip;]<\/p>\n","protected":false},"author":90,"featured_media":6518,"comment_status":"open","ping_status":"closed","sticky":false,"template":"","format":"standard","meta":{"footnotes":""},"categories":[234],"tags":[694,807,1210,1211,266,1212,49,1183],"class_list":["post-10987","post","type-post","status-publish","format-standard","has-post-thumbnail","hentry","category-cb-poder","tag-alirio-neto","tag-eleicoes-2018","tag-fundo-eleitoral","tag-fundo-partidario","tag-joe-valle","tag-leila","tag-rollemberg","tag-wanderley-tavares"],"_links":{"self":[{"href":"https:\/\/blogs.correiobraziliense.com.br\/cbpoder\/wp-json\/wp\/v2\/posts\/10987","targetHints":{"allow":["GET"]}}],"collection":[{"href":"https:\/\/blogs.correiobraziliense.com.br\/cbpoder\/wp-json\/wp\/v2\/posts"}],"about":[{"href":"https:\/\/blogs.correiobraziliense.com.br\/cbpoder\/wp-json\/wp\/v2\/types\/post"}],"author":[{"embeddable":true,"href":"https:\/\/blogs.correiobraziliense.com.br\/cbpoder\/wp-json\/wp\/v2\/users\/90"}],"replies":[{"embeddable":true,"href":"https:\/\/blogs.correiobraziliense.com.br\/cbpoder\/wp-json\/wp\/v2\/comments?post=10987"}],"version-history":[{"count":2,"href":"https:\/\/blogs.correiobraziliense.com.br\/cbpoder\/wp-json\/wp\/v2\/posts\/10987\/revisions"}],"predecessor-version":[{"id":10989,"href":"https:\/\/blogs.correiobraziliense.com.br\/cbpoder\/wp-json\/wp\/v2\/posts\/10987\/revisions\/10989"}],"wp:featuredmedia":[{"embeddable":true,"href":"https:\/\/blogs.correiobraziliense.com.br\/cbpoder\/wp-json\/wp\/v2\/media\/6518"}],"wp:attachment":[{"href":"https:\/\/blogs.correiobraziliense.com.br\/cbpoder\/wp-json\/wp\/v2\/media?parent=10987"}],"wp:term":[{"taxonomy":"category","embeddable":true,"href":"https:\/\/blogs.correiobraziliense.com.br\/cbpoder\/wp-json\/wp\/v2\/categories?post=10987"},{"taxonomy":"post_tag","embeddable":true,"href":"https:\/\/blogs.correiobraziliense.com.br\/cbpoder\/wp-json\/wp\/v2\/tags?post=10987"}],"curies":[{"name":"wp","href":"https:\/\/api.w.org\/{rel}","templated":true}]}}