{"id":10931,"date":"2018-03-28T06:23:28","date_gmt":"2018-03-28T09:23:28","guid":{"rendered":"https:\/\/blogs.correiobraziliense.com.br\/cbpoder\/?p=10931"},"modified":"2018-03-28T10:28:17","modified_gmt":"2018-03-28T13:28:17","slug":"professores-convocados-em-janeiro-sao-presos-por-fraude-em-concurso","status":"publish","type":"post","link":"https:\/\/blogs.correiobraziliense.com.br\/cbpoder\/professores-convocados-em-janeiro-sao-presos-por-fraude-em-concurso\/","title":{"rendered":"Professores e servidores da educa\u00e7\u00e3o s\u00e3o presos por fraude em concurso"},"content":{"rendered":"<p>ANA MARIA CAMPOS<\/p>\n<p>A Justi\u00e7a do Distrito Federal decretou a pris\u00e3o tempor\u00e1ria de seis professores e cinco servidores da \u00e1rea de educa\u00e7\u00e3o convocados em janeiro pelo Governo do Distrito Federal, depois de serem aprovados em concurso p\u00fablico promovido em 2016 pelo Cebraspe. Esta \u00e9 a terceira etapa da Opera\u00e7\u00e3o Panoptes, denominada Magister, deflagrada nesta manh\u00e3 (28\/03), que apura fraude em sele\u00e7\u00f5es para cargos na administra\u00e7\u00e3o p\u00fablica.<\/p>\n<p>Al\u00e9m do cumprimento de 11 mandados de pris\u00e3o, os policiais civis v\u00e3o executar 12 de busca e apreens\u00e3o. A investiga\u00e7\u00e3o est\u00e1 a cargo da Divis\u00e3o de Combate ao Crime Organizado (Draco) da Coordena\u00e7\u00e3o de Combate ao Crime Organizado, contra a Administra\u00e7\u00e3o P\u00fablica e contra a Ordem Tribut\u00e1ria (CECOR) da Pol\u00edcia Civil. A suspeita \u00e9 de que os alvos tenham comprado, por meio de pagamentos \u00e0 organiza\u00e7\u00e3o criminosa que seria liderada por H\u00e9lio Garcia Ortiz, o gabarito das provas do concurso da Secretaria de Educa\u00e7\u00e3o, conclu\u00eddo em 2016.<\/p>\n<p>Segundo a investiga\u00e7\u00e3o, \u00a0os suspeitos foram aprovados nas primeiras coloca\u00e7\u00f5es do concurso gra\u00e7as ao pagamento \u00e0 M\u00e1fia de Ortiz. Pela participa\u00e7\u00e3o no esquema, ingressaram na rede p\u00fablica de ensino do DF e v\u00e3o dar aulas para estudantes de v\u00e1rias faixas et\u00e1rias.<\/p>\n<p>Para comprar a vaga, os \u00a0suspeitos contaram com um agente infiltrado no Cebraspe, Ricardo Silva do Nascimento, ex-funcion\u00e1rio da entidade, que preenchia as provas com o gabarito correto dentro da banca examinadora.<\/p>\n<p>Como nas etapas anteriores da Opera\u00e7\u00e3o Panoptes, a Magister foi autorizada pela Vara Criminal e Tribunal do J\u00fari de \u00c1guas Claras.<\/p>\n<p>&nbsp;<br \/>\n<strong>Entenda o Caso<\/strong><\/p>\n<p>&nbsp;<\/p>\n<p>As investiga\u00e7\u00f5es sobre a M\u00e1fia dos Concursos tiveram in\u00edcio com a Opera\u00e7\u00e3o Galileu, deflagrada em 2005, pela Delegacia de Combate ao Crime Organizado (DECO), que j\u00e1 apontava a participa\u00e7\u00e3o e lideran\u00e7a de H\u00e9lio Ortiz. No ano passado, uma investiga\u00e7\u00e3o da Pol\u00edcia Civil detectou que, 12 anos depois, Ortiz continuava ativo e atuando em fraudes em concursos no DF e em outras unidades da federa\u00e7\u00e3o. Foi deflagrada, assim, a Opera\u00e7\u00e3o Panoptes, que est\u00e1 hoje na terceira fase.<\/p>\n<p>Desde 2005, esta \u00e9 a primeira vez que os benefici\u00e1rios da fraude, que pagaram para obter uma vaga em concurso, s\u00e3o presos. Isso ocorreu tamb\u00e9m na Opera\u00e7\u00e3o Galileu. Eles foram denunciados ao lado dos operadores do esquema, mas a legisla\u00e7\u00e3o da \u00e9poca n\u00e3o previa a tipicidade penal para enquadrar quem paga para quem paga para entrar no servi\u00e7o p\u00fablico por meio de fraude. Hoje isso j\u00e1 \u00e9 poss\u00edvel.<\/p>\n<p>Na opera\u00e7\u00e3o Panoptes, tudo come\u00e7ou com um tentativa de fraude no concurso do Corpo de Bombeiros do DF. A Policia Civil descobriu o modus operandi da organiza\u00e7\u00e3o criminosa. Os investigadores apontaram evid\u00eancias de que Ortiz e seu grupo fraudaram v\u00e1rios concursos do DF e de \u00f3rg\u00e3os p\u00fablicos vinculados \u00e0 administra\u00e7\u00e3o federal, como o Superior Tribunal de Justi\u00e7a (STJ), Instituto Nacional de Coloniza\u00e7\u00e3o e Reforma Agr\u00e1ria (INCRA), Instituto Brasileiro de Meio Ambiente e dos Recursos Naturais Renov\u00e1veis (Ibama), al\u00e9m de vestibulares, principalmente para o curso de medicina.<\/p>\n<p>&nbsp;<\/p>\n","protected":false},"excerpt":{"rendered":"<p>ANA MARIA CAMPOS A Justi\u00e7a do Distrito Federal decretou a pris\u00e3o tempor\u00e1ria de seis professores e cinco servidores da \u00e1rea de educa\u00e7\u00e3o convocados em janeiro pelo Governo do Distrito Federal, depois de serem aprovados em concurso p\u00fablico promovido em 2016 pelo Cebraspe. Esta \u00e9 a terceira etapa da Opera\u00e7\u00e3o Panoptes, denominada Magister, deflagrada nesta manh\u00e3 (28\/03), que apura fraude em [&hellip;]<\/p>\n","protected":false},"author":9,"featured_media":0,"comment_status":"open","ping_status":"closed","sticky":false,"template":"","format":"standard","meta":{"footnotes":""},"categories":[234],"tags":[],"class_list":["post-10931","post","type-post","status-publish","format-standard","hentry","category-cb-poder"],"_links":{"self":[{"href":"https:\/\/blogs.correiobraziliense.com.br\/cbpoder\/wp-json\/wp\/v2\/posts\/10931","targetHints":{"allow":["GET"]}}],"collection":[{"href":"https:\/\/blogs.correiobraziliense.com.br\/cbpoder\/wp-json\/wp\/v2\/posts"}],"about":[{"href":"https:\/\/blogs.correiobraziliense.com.br\/cbpoder\/wp-json\/wp\/v2\/types\/post"}],"author":[{"embeddable":true,"href":"https:\/\/blogs.correiobraziliense.com.br\/cbpoder\/wp-json\/wp\/v2\/users\/9"}],"replies":[{"embeddable":true,"href":"https:\/\/blogs.correiobraziliense.com.br\/cbpoder\/wp-json\/wp\/v2\/comments?post=10931"}],"version-history":[{"count":6,"href":"https:\/\/blogs.correiobraziliense.com.br\/cbpoder\/wp-json\/wp\/v2\/posts\/10931\/revisions"}],"predecessor-version":[{"id":10943,"href":"https:\/\/blogs.correiobraziliense.com.br\/cbpoder\/wp-json\/wp\/v2\/posts\/10931\/revisions\/10943"}],"wp:attachment":[{"href":"https:\/\/blogs.correiobraziliense.com.br\/cbpoder\/wp-json\/wp\/v2\/media?parent=10931"}],"wp:term":[{"taxonomy":"category","embeddable":true,"href":"https:\/\/blogs.correiobraziliense.com.br\/cbpoder\/wp-json\/wp\/v2\/categories?post=10931"},{"taxonomy":"post_tag","embeddable":true,"href":"https:\/\/blogs.correiobraziliense.com.br\/cbpoder\/wp-json\/wp\/v2\/tags?post=10931"}],"curies":[{"name":"wp","href":"https:\/\/api.w.org\/{rel}","templated":true}]}}