{"id":10880,"date":"2018-03-23T23:12:21","date_gmt":"2018-03-24T02:12:21","guid":{"rendered":"https:\/\/blogs.correiobraziliense.com.br\/cbpoder\/?p=10880"},"modified":"2018-03-25T11:21:21","modified_gmt":"2018-03-25T14:21:21","slug":"promotor-do-df-aplica-em-casos-de-pessoas-humildes-vitorias-judicias-de-politicos-como-lula","status":"publish","type":"post","link":"https:\/\/blogs.correiobraziliense.com.br\/cbpoder\/promotor-do-df-aplica-em-casos-de-pessoas-humildes-vitorias-judicias-de-politicos-como-lula\/","title":{"rendered":"Promotor do DF pede liberdade de pessoas humildes seguindo decis\u00f5es para Lula e Adriana Ancelmo"},"content":{"rendered":"<p>ANA MARIA CAMPOS<\/p>\n<p>Um promotor de Justi\u00e7a do DF est\u00e1 seguindo entendimentos dos tribunais superiores em casos c\u00e9lebres, como o do ex-presidente Lula e da ex-primeira-dama do Rio de Janeiro Adriana Ancelmo, para requerer a libera\u00e7\u00e3o da pris\u00e3o de an\u00f4nimos que respondem a crimes. Foi o que ocorreu hoje (23\/03), com o pedido de relaxamento da pris\u00e3o para um suspeito que estava detido preventivamente por furto de ve\u00edculo. O promotor Valmir Soares Santos adotou o que chamou de &#8220;Princ\u00edpio Lula&#8221;, segundo o qual ningu\u00e9m pode permanecer atr\u00e1s das grades por algum tipo de atraso da Justi\u00e7a.<\/p>\n<p>No caso em quest\u00e3o, o suspeito aguardava a conclus\u00e3o de per\u00edcias para que o Minist\u00e9rio P\u00fablico do DF apresentasse a den\u00fancia. Walmir alegou que a &#8220;lei \u00e9 igual para todos&#8221; e pediu a liberdade do suposto criminoso. Ele fez um paralelo com a discuss\u00e3o, ocorrida ontem (22\/03), em que o Supremo Tribunal Federal (STF) determinou que o ex-presidente Lula n\u00e3o seja preso at\u00e9 quatro de abril, quando aquela corte vai julgar o Habeas Corpus impetrado pela defesa do petista. &#8220;Criei esse princ\u00edpio, ou seja, o atraso de finalizar o processo \u00e9 do Estado. Ent\u00e3o, requer a soltura para que o acusado aguarde o fim do processo em liberdade&#8221;, explica o promotor.<\/p>\n<p>Valmir acrescenta: &#8220;Citei como fundamento o resultado do julgamento de ontem do STF. Existe uma d\u00favida que tem sido discutida sobre o alcance do caso do HC do ex-presidente Lula. Entendo que, se vale para Lula, deve valer para todos, especialmente para os acusados menos favorecidos, j\u00e1 que a lei \u00e9 para todos&#8221;, diz. O pedido foi deferido pelo juiz da 8\u00aa Vara Criminal de Bras\u00edlia, Osvaldo Tovani.<\/p>\n<p>Na sess\u00e3o desta quinta-feira, por sete votos a quatro, os ministros do STF decidiram receber o Habeas Corpus Preventivo do ex-presidente Lula, mas n\u00e3o julgaram o m\u00e9rito porque o ministro Marco Aur\u00e9lio Mello alegou que precisava deixar o julgamento para viajar. Enquanto o Supremo n\u00e3o volta a se reunir, Lula fica impedido de ser preso, para cumprimento da pena a que foi condenado, de 12 anos e um m\u00eas de pris\u00e3o no caso do tr\u00edplex\u00a0de Guaruj\u00e1 (SP)<\/p>\n<p>Desde outubro, o promotor de Justi\u00e7a Valmir Soares aplicava o que tamb\u00e9m criou como &#8220;princ\u00edpio Adriana Ancelmo&#8221; para pedir, especialmente nas audi\u00eancias de cust\u00f3dia, a soltura de mulheres presas em flagrante que tenham filhos pequenos.<\/p>\n<p>Refere-se, assim, \u00e0 mulher do ex-governador do Rio S\u00e9rgio Cabral, que conseguiu a pris\u00e3o domiciliar para cuidar dos filhos de 11 e 14 anos. &#8220;Se aceitarmos que Adriana Ancelmo, uma pessoa rica que tem estrutura familiar, seja colocada em liberdade para cuidar dos filhos adolescentes numa cobertura do Leblon, com muito mais raz\u00e3o devem ser colocadas em liberdade as presas pobres para cuidar de seus filhos em suas humildes casas&#8221;, acredita o promotor.<\/p>\n","protected":false},"excerpt":{"rendered":"<p>ANA MARIA CAMPOS Um promotor de Justi\u00e7a do DF est\u00e1 seguindo entendimentos dos tribunais superiores em casos c\u00e9lebres, como o do ex-presidente Lula e da ex-primeira-dama do Rio de Janeiro Adriana Ancelmo, para requerer a libera\u00e7\u00e3o da pris\u00e3o de an\u00f4nimos que respondem a crimes. Foi o que ocorreu hoje (23\/03), com o pedido de relaxamento da pris\u00e3o para um suspeito [&hellip;]<\/p>\n","protected":false},"author":9,"featured_media":0,"comment_status":"open","ping_status":"closed","sticky":false,"template":"","format":"standard","meta":{"footnotes":""},"categories":[234],"tags":[1186,56,788,800,1187],"class_list":["post-10880","post","type-post","status-publish","format-standard","hentry","category-cb-poder","tag-adriana-ancelmo","tag-justica","tag-lula","tag-ministerio-publico-do-df","tag-walmir-soares"],"_links":{"self":[{"href":"https:\/\/blogs.correiobraziliense.com.br\/cbpoder\/wp-json\/wp\/v2\/posts\/10880","targetHints":{"allow":["GET"]}}],"collection":[{"href":"https:\/\/blogs.correiobraziliense.com.br\/cbpoder\/wp-json\/wp\/v2\/posts"}],"about":[{"href":"https:\/\/blogs.correiobraziliense.com.br\/cbpoder\/wp-json\/wp\/v2\/types\/post"}],"author":[{"embeddable":true,"href":"https:\/\/blogs.correiobraziliense.com.br\/cbpoder\/wp-json\/wp\/v2\/users\/9"}],"replies":[{"embeddable":true,"href":"https:\/\/blogs.correiobraziliense.com.br\/cbpoder\/wp-json\/wp\/v2\/comments?post=10880"}],"version-history":[{"count":8,"href":"https:\/\/blogs.correiobraziliense.com.br\/cbpoder\/wp-json\/wp\/v2\/posts\/10880\/revisions"}],"predecessor-version":[{"id":10914,"href":"https:\/\/blogs.correiobraziliense.com.br\/cbpoder\/wp-json\/wp\/v2\/posts\/10880\/revisions\/10914"}],"wp:attachment":[{"href":"https:\/\/blogs.correiobraziliense.com.br\/cbpoder\/wp-json\/wp\/v2\/media?parent=10880"}],"wp:term":[{"taxonomy":"category","embeddable":true,"href":"https:\/\/blogs.correiobraziliense.com.br\/cbpoder\/wp-json\/wp\/v2\/categories?post=10880"},{"taxonomy":"post_tag","embeddable":true,"href":"https:\/\/blogs.correiobraziliense.com.br\/cbpoder\/wp-json\/wp\/v2\/tags?post=10880"}],"curies":[{"name":"wp","href":"https:\/\/api.w.org\/{rel}","templated":true}]}}