{"id":10844,"date":"2018-03-20T17:00:14","date_gmt":"2018-03-20T20:00:14","guid":{"rendered":"https:\/\/blogs.correiobraziliense.com.br\/cbpoder\/?p=10844"},"modified":"2018-03-20T21:29:09","modified_gmt":"2018-03-21T00:29:09","slug":"por-falta-de-quorum-camara-legislativa-adia-votacao-da-lei-do-silencio","status":"publish","type":"post","link":"https:\/\/blogs.correiobraziliense.com.br\/cbpoder\/por-falta-de-quorum-camara-legislativa-adia-votacao-da-lei-do-silencio\/","title":{"rendered":"Por falta de qu\u00f3rum, C\u00e2mara Legislativa adia vota\u00e7\u00e3o da Lei do Sil\u00eancio"},"content":{"rendered":"<p><strong>Bruno Lima<\/strong><\/p>\n<p>&nbsp;<\/p>\n<p>Pela segunda vez, a C\u00e2mara Legislativa adiou, nesta ter\u00e7a-feira (20\/03), a vota\u00e7\u00e3o do projeto de lei que prop\u00f5e mudan\u00e7as na Lei do Sil\u00eancio. Depois de duas horas de debate, a sess\u00e3o acabou encerrada pelo presidente da Casa, Joe Valle (PDT), por falta de qu\u00f3rum &#8211; apenas 11, dos 24 parlamentares, compareceram ao plen\u00e1rio.<\/p>\n<p>&nbsp;<\/p>\n<p><span style=\"font-weight: 400\">A proposta do deputado Ricardo Vale (PT) ficou estacionada ao longo de tr\u00eas anos na Comiss\u00e3o de Desenvolvimento Econ\u00f4mico Sustent\u00e1vel, Ci\u00eancia, Tecnologia, Meio Ambiente e Turismo. O petista defende a flexibiliza\u00e7\u00e3o da lei e prop\u00f5e o aumento da toler\u00e2ncia dos limites de 65 decib\u00e9is (db) para 75 db durante o dia, e de 55 db para 70db \u00e0 noite em \u00e1reas mistas com voca\u00e7\u00e3o comercial. <\/span><\/p>\n<p>&nbsp;<\/p>\n<p><span style=\"font-weight: 400\">O texto tamb\u00e9m estabelece que a medi\u00e7\u00e3o seja feita a uma dist\u00e2ncia de 1,5 metro da porta da resid\u00eancia do morador que fez a reclama\u00e7\u00e3o \u2014 atualmente, os t\u00e9cnicos capturam o ru\u00eddo na entrada do estabelecimento denunciado.<\/span>&#8220;N\u00e3o tem motivo para essa Casa n\u00e3o tomar uma decis\u00e3o sobre isso. Eu lamento muito&#8221;, disse o presidente do Legislativo local.<\/p>\n<p>&nbsp;<\/p>\n<p><span style=\"font-weight: 400\">Antes da delibera\u00e7\u00e3o desta ter\u00e7a-feira, a vota\u00e7\u00e3o estava marcada para o \u00faltimo dia 6, mas foi adiada ap\u00f3s a apresenta\u00e7\u00e3o de uma nota t\u00e9cnica encomendada por Joe Valle (PDT). O parecer recomendava a rejei\u00e7\u00e3o do texto por consider\u00e1-lo inconstitucional. De acordo com o estudo, realizado por um t\u00e9cnico da Comiss\u00e3o de Constitui\u00e7\u00e3o e Justi\u00e7a (CCJ), a amplia\u00e7\u00e3o dos limites de intensidade da emiss\u00e3o de sons e ru\u00eddos seria uma prerrogativa da Uni\u00e3o, conforme normatiza\u00e7\u00e3o da Associa\u00e7\u00e3o Brasileira de Normas T\u00e9cnicas (ABNT) e o Conselho Nacional do Meio Ambiente (Conama).<\/span><\/p>\n","protected":false},"excerpt":{"rendered":"<p>Bruno Lima &nbsp; Pela segunda vez, a C\u00e2mara Legislativa adiou, nesta ter\u00e7a-feira (20\/03), a vota\u00e7\u00e3o do projeto de lei que prop\u00f5e mudan\u00e7as na Lei do Sil\u00eancio. Depois de duas horas de debate, a sess\u00e3o acabou encerrada pelo presidente da Casa, Joe Valle (PDT), por falta de qu\u00f3rum &#8211; apenas 11, dos 24 parlamentares, compareceram ao plen\u00e1rio. &nbsp; A proposta do [&hellip;]<\/p>\n","protected":false},"author":90,"featured_media":9358,"comment_status":"open","ping_status":"closed","sticky":false,"template":"","format":"standard","meta":{"footnotes":""},"categories":[234],"tags":[70,1180],"class_list":["post-10844","post","type-post","status-publish","format-standard","has-post-thumbnail","hentry","category-cb-poder","tag-camara-legislativa","tag-lei-do-silencio"],"_links":{"self":[{"href":"https:\/\/blogs.correiobraziliense.com.br\/cbpoder\/wp-json\/wp\/v2\/posts\/10844","targetHints":{"allow":["GET"]}}],"collection":[{"href":"https:\/\/blogs.correiobraziliense.com.br\/cbpoder\/wp-json\/wp\/v2\/posts"}],"about":[{"href":"https:\/\/blogs.correiobraziliense.com.br\/cbpoder\/wp-json\/wp\/v2\/types\/post"}],"author":[{"embeddable":true,"href":"https:\/\/blogs.correiobraziliense.com.br\/cbpoder\/wp-json\/wp\/v2\/users\/90"}],"replies":[{"embeddable":true,"href":"https:\/\/blogs.correiobraziliense.com.br\/cbpoder\/wp-json\/wp\/v2\/comments?post=10844"}],"version-history":[{"count":2,"href":"https:\/\/blogs.correiobraziliense.com.br\/cbpoder\/wp-json\/wp\/v2\/posts\/10844\/revisions"}],"predecessor-version":[{"id":10864,"href":"https:\/\/blogs.correiobraziliense.com.br\/cbpoder\/wp-json\/wp\/v2\/posts\/10844\/revisions\/10864"}],"wp:featuredmedia":[{"embeddable":true,"href":"https:\/\/blogs.correiobraziliense.com.br\/cbpoder\/wp-json\/wp\/v2\/media\/9358"}],"wp:attachment":[{"href":"https:\/\/blogs.correiobraziliense.com.br\/cbpoder\/wp-json\/wp\/v2\/media?parent=10844"}],"wp:term":[{"taxonomy":"category","embeddable":true,"href":"https:\/\/blogs.correiobraziliense.com.br\/cbpoder\/wp-json\/wp\/v2\/categories?post=10844"},{"taxonomy":"post_tag","embeddable":true,"href":"https:\/\/blogs.correiobraziliense.com.br\/cbpoder\/wp-json\/wp\/v2\/tags?post=10844"}],"curies":[{"name":"wp","href":"https:\/\/api.w.org\/{rel}","templated":true}]}}