{"id":10816,"date":"2018-03-19T15:37:16","date_gmt":"2018-03-19T18:37:16","guid":{"rendered":"https:\/\/blogs.correiobraziliense.com.br\/cbpoder\/?p=10816"},"modified":"2018-03-19T17:08:37","modified_gmt":"2018-03-19T20:08:37","slug":"stf-julga-denuncia-por-falsidade-ideologica-contra-izalci-lucas-nesta-terca-feira","status":"publish","type":"post","link":"https:\/\/blogs.correiobraziliense.com.br\/cbpoder\/stf-julga-denuncia-por-falsidade-ideologica-contra-izalci-lucas-nesta-terca-feira\/","title":{"rendered":"STF julga den\u00fancia por falsidade ideol\u00f3gica contra Izalci Lucas nesta ter\u00e7a-feira"},"content":{"rendered":"<p><span style=\"font-weight: 400\">A 1\u00aa Turma do Supremo Tribunal Federal (STF) deve julgar, nesta ter\u00e7a-feira (20\/03), den\u00fancia por falsidade ideol\u00f3gica contra o deputado federal e pr\u00e9-candidato ao Pal\u00e1cio do Buriti Izalci Lucas (PSDB-DF). A a\u00e7\u00e3o penal trata de supostas irregularidades na presta\u00e7\u00e3o de contas da campanha de 2006, quando o parlamentar concorreu ao primeiro mandato na C\u00e2mara dos Deputados. O relator do processo \u00e9 o ministro Alexandre de Moraes. <\/span><\/p>\n<p>&nbsp;<\/p>\n<p><span style=\"font-weight: 400\">Segundo a peti\u00e7\u00e3o inicial da Procuradoria-Geral da Rep\u00fablica, o tucano declarou, em 31 de outubro de 2006, ao Tribunal Regional Eleitoral do DF (TRE-DF) recebimentos de R$ 150 mil da Sapiens Inform\u00e1tica. Contudo, documentos apreendidos na empresa durante a Opera\u00e7\u00e3o Megabyte, em 2008, indicam que a contribui\u00e7\u00e3o foi de R$ 450 mil. A doa\u00e7\u00e3o teria acontecido por meio de onze cheques\u00a0\u2014 oito deles sem registro na Corte Eleitoral.\u00a0<\/span>Dessa forma, Izalci teria omitido R$ 300 mil \u00e0 Justi\u00e7a.<\/p>\n<p>&nbsp;<\/p>\n<p>Nas alega\u00e7\u00f5es finais entregues ao STF em 28 de junho de 2017, o ex-procurador-geral da Rep\u00fablica Rodrigo Janot considerou que h\u00e1 &#8220;elementos suficientes a compor a prova da materialidade e autoria do crime de falsidade ideol\u00f3gica eleitoral&#8221;. Entre os ind\u00edcios de irregularidades, apontou as c\u00f3pias dos cheques, uma planilha cont\u00e1bil e um controle de recibos, no qual s\u00e3o relacionadas as doa\u00e7\u00f5es da empresa a diversos candidatos, discriminando as que tiveram respaldo em recibo eleitoral. &#8220;A defesa n\u00e3o apresenta qualquer explica\u00e7\u00e3o alternativa acerca do teor dos documentos retromencionados, limitando-se, de modo inveros\u00edmel, a afirmar que todos os recursos empregados em sua campanha foram devidamente contabilizados&#8221;, argumentou Janot.<\/p>\n<p>&nbsp;<\/p>\n<p><span style=\"font-weight: 400\">A pena para o crime de falsidade ideol\u00f3gica \u00e9 de um a cinco anos de reclus\u00e3o e multa. A PGR chegou a sugerir a suspens\u00e3o condicional do processo. Para tanto, Izalci teria de fazer doa\u00e7\u00f5es, por dois anos, \u00e0 Associa\u00e7\u00e3o de Pais e Amigos dos Excepcionais (APAE) de Ceil\u00e2ndia. O valor seria definido pelo STF. Janot, entretanto, sugeriu o montante de 10% dos vencimentos do tucano. A defesa do parlamentar negou a proposta.<\/span><\/p>\n<p>&nbsp;<\/p>\n<p><span style=\"font-weight: 400\">Integram a 1\u00aa Turma do STF, al\u00e9m do ministro Alexandre de Moraes, os magistrados Marco Aur\u00e9lio, Luiz Fux, Rosa Weber e Lu\u00eds Roberto Barroso.<\/span><\/p>\n<p>&nbsp;<\/p>\n<h2><b>\u201cBoa not\u00edcia\u201d<\/b><\/h2>\n<p>&nbsp;<\/p>\n<p><span style=\"font-weight: 400\">Ao <\/span><b>CB.Poder<\/b><span style=\"font-weight: 400\">, Izalci Lucas classificou a inclus\u00e3o do processo na pauta da 1\u00aa Turma desta ter\u00e7a-feira como uma \u201cboa not\u00edcia\u201d. \u201cEsse processo abre margem para muita explora\u00e7\u00e3o pol\u00edtica. N\u00e3o h\u00e1 provas nos autos. Por isso mesmo, a PGR sugeriu a suspens\u00e3o condicional. N\u00e3o aceitei, porque seria admitir um crime que n\u00e3o cometi. Quem n\u00e3o deve n\u00e3o teme. Estou feliz por essa situa\u00e7\u00e3o, que se arrasta desde 2006, estar pr\u00f3xima do fim\u201d, pontuou. <\/span><\/p>\n<p>&nbsp;<\/p>\n","protected":false},"excerpt":{"rendered":"<p>A 1\u00aa Turma do Supremo Tribunal Federal (STF) deve julgar, nesta ter\u00e7a-feira (20\/03), den\u00fancia por falsidade ideol\u00f3gica contra o deputado federal e pr\u00e9-candidato ao Pal\u00e1cio do Buriti Izalci Lucas (PSDB-DF). A a\u00e7\u00e3o penal trata de supostas irregularidades na presta\u00e7\u00e3o de contas da campanha de 2006, quando o parlamentar concorreu ao primeiro mandato na C\u00e2mara dos Deputados. O relator do processo [&hellip;]<\/p>\n","protected":false},"author":90,"featured_media":3757,"comment_status":"open","ping_status":"closed","sticky":false,"template":"","format":"standard","meta":{"footnotes":""},"categories":[234],"tags":[1176,674,692,1038,1063,149],"class_list":["post-10816","post","type-post","status-publish","format-standard","has-post-thumbnail","hentry","category-cb-poder","tag-alexandre-de-moraes","tag-falsidade-ideologica","tag-izalci-lucas","tag-mpf","tag-pgr","tag-stf"],"_links":{"self":[{"href":"https:\/\/blogs.correiobraziliense.com.br\/cbpoder\/wp-json\/wp\/v2\/posts\/10816","targetHints":{"allow":["GET"]}}],"collection":[{"href":"https:\/\/blogs.correiobraziliense.com.br\/cbpoder\/wp-json\/wp\/v2\/posts"}],"about":[{"href":"https:\/\/blogs.correiobraziliense.com.br\/cbpoder\/wp-json\/wp\/v2\/types\/post"}],"author":[{"embeddable":true,"href":"https:\/\/blogs.correiobraziliense.com.br\/cbpoder\/wp-json\/wp\/v2\/users\/90"}],"replies":[{"embeddable":true,"href":"https:\/\/blogs.correiobraziliense.com.br\/cbpoder\/wp-json\/wp\/v2\/comments?post=10816"}],"version-history":[{"count":4,"href":"https:\/\/blogs.correiobraziliense.com.br\/cbpoder\/wp-json\/wp\/v2\/posts\/10816\/revisions"}],"predecessor-version":[{"id":10820,"href":"https:\/\/blogs.correiobraziliense.com.br\/cbpoder\/wp-json\/wp\/v2\/posts\/10816\/revisions\/10820"}],"wp:featuredmedia":[{"embeddable":true,"href":"https:\/\/blogs.correiobraziliense.com.br\/cbpoder\/wp-json\/wp\/v2\/media\/3757"}],"wp:attachment":[{"href":"https:\/\/blogs.correiobraziliense.com.br\/cbpoder\/wp-json\/wp\/v2\/media?parent=10816"}],"wp:term":[{"taxonomy":"category","embeddable":true,"href":"https:\/\/blogs.correiobraziliense.com.br\/cbpoder\/wp-json\/wp\/v2\/categories?post=10816"},{"taxonomy":"post_tag","embeddable":true,"href":"https:\/\/blogs.correiobraziliense.com.br\/cbpoder\/wp-json\/wp\/v2\/tags?post=10816"}],"curies":[{"name":"wp","href":"https:\/\/api.w.org\/{rel}","templated":true}]}}