{"id":10762,"date":"2018-03-13T15:24:35","date_gmt":"2018-03-13T18:24:35","guid":{"rendered":"https:\/\/blogs.correiobraziliense.com.br\/cbpoder\/?p=10762"},"modified":"2018-03-13T15:37:14","modified_gmt":"2018-03-13T18:37:14","slug":"resultado-de-exame-de-joe-valle-da-negativo-para-meningite","status":"publish","type":"post","link":"https:\/\/blogs.correiobraziliense.com.br\/cbpoder\/resultado-de-exame-de-joe-valle-da-negativo-para-meningite\/","title":{"rendered":"Resultado de exame de Joe Valle d\u00e1 negativo para meningite"},"content":{"rendered":"<p><strong>Bruno Lima<\/strong><\/p>\n<p>&nbsp;<\/p>\n<p><span style=\"font-weight: 400\">Depois de uma bateria de exames realizada na tarde de ontem, os m\u00e9dicos descartaram, nesta ter\u00e7a-feira (13\/3), a possibilidade de o presidente da C\u00e2mara Legislativa, Joe Valle (PDT), estar com meningite. O distrital teve febre e dores de cabe\u00e7a durante o fim de semana e foi orientado por m\u00e9dicos do Setor de Assist\u00eancia \u00e0 Sa\u00fade\u00a0a realizar testes laboratoriais.\u00a0<\/span>O receio se deu porque o pedetista esteve em contato, por mais de quatro horas, com um servidor da Casa internado por conta da infec\u00e7\u00e3o.<\/p>\n<p>&nbsp;<\/p>\n<p><span style=\"font-weight: 400\">O chefe do cerimonial, Carlos Ant\u00f4nio Vieira J\u00fanior, lotado na presid\u00eancia do Legislativo local, foi encaminhado ao hospital ap\u00f3s\u00a0apresentar sintomas da doen\u00e7a. O funcion\u00e1rio teve o quadro confirmado\u00a0e passa por tratamento.\u00a0Outros servidores que estiveram na presen\u00e7a de Carlos tamb\u00e9m foram avaliados pela equipe m\u00e9dica.<\/span><\/p>\n<p>&nbsp;<\/p>\n<p><span style=\"font-weight: 400\">Com os resultados dos exames em m\u00e3os, Valle disse estar aliviado\u00a0\u201cFelizmente, foi apenas uma coincid\u00eancia. Os m\u00e9dicos apontaram uma virose\u201d, pontuou. <\/span>Ele voltou ao trabalho e deve comandar a sess\u00e3o plen\u00e1ria\u00a0desta ter\u00e7a-feira.<\/p>\n<p>&nbsp;<\/p>\n<p><span style=\"font-weight: 400\">A meningite \u00e9 uma inflama\u00e7\u00e3o das meninges, que s\u00e3o as membranas que envolvem o c\u00e9rebro. Existem diversos tipos de meningite, e para cada um deles h\u00e1 causa e sintomas espec\u00edficos. A infec\u00e7\u00e3o das meninges (membranas que envolvem o c\u00e9rebro e a medula), pode ser provocada por v\u00edrus, mas a forma mais comum de meningite \u00e9 causada por uma bact\u00e9ria \u2014 o meningococo. Os sintomas iniciais s\u00e3o febre alta, n\u00e1useas, v\u00f4mitos e rigidez dos m\u00fasculos da nuca. O doente n\u00e3o consegue encostar o queixo no peito e deve ser hospitalizado imediatamente, sendo submetido a tratamento por antibi\u00f3ticos, pois a doen\u00e7a \u00e9 fatal. Como \u00e9 transmitida por espirro, tosse ou fala, \u00e9 importante a notifica\u00e7\u00e3o.<\/span><\/p>\n","protected":false},"excerpt":{"rendered":"<p>Bruno Lima &nbsp; Depois de uma bateria de exames realizada na tarde de ontem, os m\u00e9dicos descartaram, nesta ter\u00e7a-feira (13\/3), a possibilidade de o presidente da C\u00e2mara Legislativa, Joe Valle (PDT), estar com meningite. O distrital teve febre e dores de cabe\u00e7a durante o fim de semana e foi orientado por m\u00e9dicos do Setor de Assist\u00eancia \u00e0 Sa\u00fade\u00a0a realizar testes [&hellip;]<\/p>\n","protected":false},"author":90,"featured_media":9096,"comment_status":"open","ping_status":"closed","sticky":false,"template":"","format":"standard","meta":{"footnotes":""},"categories":[234],"tags":[1169,266,1166],"class_list":["post-10762","post","type-post","status-publish","format-standard","has-post-thumbnail","hentry","category-cb-poder","tag-exames","tag-joe-valle","tag-meningite"],"_links":{"self":[{"href":"https:\/\/blogs.correiobraziliense.com.br\/cbpoder\/wp-json\/wp\/v2\/posts\/10762","targetHints":{"allow":["GET"]}}],"collection":[{"href":"https:\/\/blogs.correiobraziliense.com.br\/cbpoder\/wp-json\/wp\/v2\/posts"}],"about":[{"href":"https:\/\/blogs.correiobraziliense.com.br\/cbpoder\/wp-json\/wp\/v2\/types\/post"}],"author":[{"embeddable":true,"href":"https:\/\/blogs.correiobraziliense.com.br\/cbpoder\/wp-json\/wp\/v2\/users\/90"}],"replies":[{"embeddable":true,"href":"https:\/\/blogs.correiobraziliense.com.br\/cbpoder\/wp-json\/wp\/v2\/comments?post=10762"}],"version-history":[{"count":3,"href":"https:\/\/blogs.correiobraziliense.com.br\/cbpoder\/wp-json\/wp\/v2\/posts\/10762\/revisions"}],"predecessor-version":[{"id":10765,"href":"https:\/\/blogs.correiobraziliense.com.br\/cbpoder\/wp-json\/wp\/v2\/posts\/10762\/revisions\/10765"}],"wp:featuredmedia":[{"embeddable":true,"href":"https:\/\/blogs.correiobraziliense.com.br\/cbpoder\/wp-json\/wp\/v2\/media\/9096"}],"wp:attachment":[{"href":"https:\/\/blogs.correiobraziliense.com.br\/cbpoder\/wp-json\/wp\/v2\/media?parent=10762"}],"wp:term":[{"taxonomy":"category","embeddable":true,"href":"https:\/\/blogs.correiobraziliense.com.br\/cbpoder\/wp-json\/wp\/v2\/categories?post=10762"},{"taxonomy":"post_tag","embeddable":true,"href":"https:\/\/blogs.correiobraziliense.com.br\/cbpoder\/wp-json\/wp\/v2\/tags?post=10762"}],"curies":[{"name":"wp","href":"https:\/\/api.w.org\/{rel}","templated":true}]}}