{"id":10757,"date":"2018-03-13T06:00:39","date_gmt":"2018-03-13T09:00:39","guid":{"rendered":"https:\/\/blogs.correiobraziliense.com.br\/cbpoder\/?p=10757"},"modified":"2018-03-13T01:44:17","modified_gmt":"2018-03-13T04:44:17","slug":"pre-candidato-ao-buriti-alirio-neto-quer-unificacao-das-policias","status":"publish","type":"post","link":"https:\/\/blogs.correiobraziliense.com.br\/cbpoder\/pre-candidato-ao-buriti-alirio-neto-quer-unificacao-das-policias\/","title":{"rendered":"Pr\u00e9-candidato ao Buriti, Al\u00edrio Neto quer unifica\u00e7\u00e3o das pol\u00edcias"},"content":{"rendered":"<p><span style=\"font-weight: 400\">Em meio ao racha da frente de centro-direita, o ex-presidente da C\u00e2mara Legislativa e postulante ao Pal\u00e1cio do Buriti Al\u00edrio Neto (PTB) deve enfrentar dificuldades para alavancar a candidatura no meio pol\u00edtico, por conta da miscel\u00e2nea de concorrentes. O petebista, contudo, investe na aproxima\u00e7\u00e3o com o eleitorado desde j\u00e1. O carro-chefe da campanha ser\u00e1 seguran\u00e7a p\u00fablica, afirmou, ontem, o ex-parlamentar em entrevista ao programa <strong>CB.Poder<\/strong>. Delegado aposentado, ele prop\u00f5e a unifica\u00e7\u00e3o das pol\u00edcias militar e civil e a busca por solu\u00e7\u00f5es para a amplia\u00e7\u00e3o da execu\u00e7\u00e3o de penas. <\/span><\/p>\n<p>&nbsp;<\/p>\n<p><span style=\"font-weight: 400\">O ex-parlamentar avalia que a uni\u00e3o das corpora\u00e7\u00f5es levaria \u00e0 economia de recursos, al\u00e9m de melhorar o atendimento \u00e0 popula\u00e7\u00e3o. A ideia \u00e9 que uma s\u00f3 estrutura fique respons\u00e1vel por todas as atribui\u00e7\u00f5es. \u201cDar\u00edamos fim \u00e0 dicotomia de duas for\u00e7as realizando investiga\u00e7\u00e3o e patrulhamento. Esse \u00e9 um modelo seguido em diversos pa\u00edses\u201d, disse. Ele reconheceu que a medida precisa passar pelo crivo do Congresso Nacional, mas assegurou que \u201ca iniciativa tem de partir do governador\u201d. <\/span><\/p>\n<p>&nbsp;<\/p>\n<p><span style=\"font-weight: 400\">O ex-distrital ainda afirmou que a \u201csensa\u00e7\u00e3o de impunidade\u201d \u00e9 um fator preponderante para crescimento dos \u00edndices de viol\u00eancia. Portanto, a chave para a otimiza\u00e7\u00e3o da seguran\u00e7a p\u00fablica iria do refor\u00e7o da equipe respons\u00e1vel pelo cumprimento dos mandados de pris\u00e3o \u00e0 cria\u00e7\u00e3o de programas de recupera\u00e7\u00e3o para encarcerados. \u201cH\u00e1 14 mil condenados que n\u00e3o est\u00e3o executando pena. Dos 12 mil presos, 4 mil est\u00e3o no regime fechado, mesmo sendo do semiaberto. A ideia seria retirar esses 4 mil paulatinamente, coloc\u00e1-los para trabalhar e abrir vaga para executar os mandados de pris\u00e3o em aberto\u201d, argumentou. <\/span><\/p>\n<p>&nbsp;<\/p>\n<p><span style=\"font-weight: 400\">Al\u00edrio tamb\u00e9m disse ser contr\u00e1rio \u00e0 flexibiliza\u00e7\u00e3o do Estatuto do Desarmamento nos moldes propostos. Presidente regional do PTB, ele pondera que a amplia\u00e7\u00e3o do acesso \u00e0s armas pode aumentar os \u00edndices de viol\u00eancia, al\u00e9m de acidentes dom\u00e9sticos. No DF, 7.820 pessoas det\u00eam autoriza\u00e7\u00e3o para us\u00e1-las, conforme o Correio mostrou no \u00faltimo domingo. \u201cA arma \u00e9 um instrumento que atrai a viol\u00eancia. De cada 100 pessoas que reagem a um assalto e est\u00e3o armadas, s\u00f3 quatro sobrevivem\u201d, apontou. O ex-parlamentar, contudo, afirmou que restri\u00e7\u00f5es pontuais devem ser avaliadas. \u201cTem de haver uma dosagem\u201d, avaliou. <\/span><\/p>\n<p>&nbsp;<\/p>\n<h2><span style=\"font-weight: 400\">Articula\u00e7\u00f5es<\/span><\/h2>\n<p>&nbsp;<\/p>\n<p><span style=\"font-weight: 400\">Sobre a articula\u00e7\u00e3o pol\u00edtica em torno da candidatura, Al\u00edrio Neto voltou a admitir o racha na frente de centro-direita, mas n\u00e3o descartou a reestrutura\u00e7\u00e3o da coaliz\u00e3o. \u201cN\u00e3o posso dizer que o grupo definitivamente chegou ao fim, porque definitivamente \u00e9 uma palavra pesada em pol\u00edtica. Mas gestos s\u00e3o necess\u00e1rios. Sa\u00ed de casa com o objetivo de chamar Jofran Frejat (PR) e Tadeu Filippelli (MDB) para o lan\u00e7amento da minha pr\u00e9-candidatura. Todos os aliados foram, menos eles. \u00c9 um sinal de que o relacionamento n\u00e3o est\u00e1 sendo agrad\u00e1vel\u201d, alfinetou.<\/span><\/p>\n<p>&nbsp;<\/p>\n<p><span style=\"font-weight: 400\">O ex-presidente da C\u00e2mara tamb\u00e9m declarou duvidar que o governador Rodrigo Rollemberg (PSB) chegue ao segundo turno e disse que os esc\u00e2ndalos pol\u00edticos que circundam o PTB n\u00e3o o afetar\u00e3o durante a campanha. \u201cRespondo pelo que fa\u00e7o e sou respons\u00e1vel pelo que fa\u00e7o\u201d, cravou. A sigla ficou sob os holofotes da opini\u00e3o p\u00fablica ap\u00f3s a condena\u00e7\u00e3o no esc\u00e2ndalo Mensal\u00e3o do presidente, Roberto Jefferson, al\u00e9m das tentativas de nomea\u00e7\u00e3o de Cristiane Brasil como ministra do Trabalho e da indica\u00e7\u00e3o de um jovem de 19 anos para gerir quase R$ 500 milh\u00f5es por ano em contratos da pasta com fornecedores.<\/span><\/p>\n<p>&nbsp;<\/p>\n<h3>Confira a \u00edntegra da entrevista:<\/h3>\n<h3><\/h3>\n<p>https:\/\/www.youtube.com\/watch?v=DlmB5LMCtqI<\/p>\n<p>https:\/\/www.youtube.com\/watch?v=z7juCGULUu0<\/p>\n<p>&nbsp;<\/p>\n","protected":false},"excerpt":{"rendered":"<p>Em meio ao racha da frente de centro-direita, o ex-presidente da C\u00e2mara Legislativa e postulante ao Pal\u00e1cio do Buriti Al\u00edrio Neto (PTB) deve enfrentar dificuldades para alavancar a candidatura no meio pol\u00edtico, por conta da miscel\u00e2nea de concorrentes. O petebista, contudo, investe na aproxima\u00e7\u00e3o com o eleitorado desde j\u00e1. O carro-chefe da campanha ser\u00e1 seguran\u00e7a p\u00fablica, afirmou, ontem, o ex-parlamentar [&hellip;]<\/p>\n","protected":false},"author":90,"featured_media":6268,"comment_status":"open","ping_status":"closed","sticky":false,"template":"","format":"standard","meta":{"footnotes":""},"categories":[234],"tags":[694,807,1168,387,102,359],"class_list":["post-10757","post","type-post","status-publish","format-standard","has-post-thumbnail","hentry","category-cb-poder","tag-alirio-neto","tag-eleicoes-2018","tag-estatuto-do-desarmamento","tag-palacio-do-buriti","tag-policia-civil","tag-policia-militar"],"_links":{"self":[{"href":"https:\/\/blogs.correiobraziliense.com.br\/cbpoder\/wp-json\/wp\/v2\/posts\/10757","targetHints":{"allow":["GET"]}}],"collection":[{"href":"https:\/\/blogs.correiobraziliense.com.br\/cbpoder\/wp-json\/wp\/v2\/posts"}],"about":[{"href":"https:\/\/blogs.correiobraziliense.com.br\/cbpoder\/wp-json\/wp\/v2\/types\/post"}],"author":[{"embeddable":true,"href":"https:\/\/blogs.correiobraziliense.com.br\/cbpoder\/wp-json\/wp\/v2\/users\/90"}],"replies":[{"embeddable":true,"href":"https:\/\/blogs.correiobraziliense.com.br\/cbpoder\/wp-json\/wp\/v2\/comments?post=10757"}],"version-history":[{"count":2,"href":"https:\/\/blogs.correiobraziliense.com.br\/cbpoder\/wp-json\/wp\/v2\/posts\/10757\/revisions"}],"predecessor-version":[{"id":10759,"href":"https:\/\/blogs.correiobraziliense.com.br\/cbpoder\/wp-json\/wp\/v2\/posts\/10757\/revisions\/10759"}],"wp:featuredmedia":[{"embeddable":true,"href":"https:\/\/blogs.correiobraziliense.com.br\/cbpoder\/wp-json\/wp\/v2\/media\/6268"}],"wp:attachment":[{"href":"https:\/\/blogs.correiobraziliense.com.br\/cbpoder\/wp-json\/wp\/v2\/media?parent=10757"}],"wp:term":[{"taxonomy":"category","embeddable":true,"href":"https:\/\/blogs.correiobraziliense.com.br\/cbpoder\/wp-json\/wp\/v2\/categories?post=10757"},{"taxonomy":"post_tag","embeddable":true,"href":"https:\/\/blogs.correiobraziliense.com.br\/cbpoder\/wp-json\/wp\/v2\/tags?post=10757"}],"curies":[{"name":"wp","href":"https:\/\/api.w.org\/{rel}","templated":true}]}}